{"id":14065,"date":"2025-12-05T10:21:54","date_gmt":"2025-12-05T10:21:54","guid":{"rendered":"https:\/\/www.usgreencardoffice.com\/blog?p=14065"},"modified":"2025-12-19T09:59:28","modified_gmt":"2025-12-19T09:59:28","slug":"trump-19-ulke-yasagi-cesitlilik-vize-programi","status":"publish","type":"post","link":"https:\/\/www.usgreencardoffice.com\/blog\/tr\/trump-19-ulke-yasagi-cesitlilik-vize-programi","title":{"rendered":"Trump\u2019\u0131n 19 \u00fclkeye y\u00f6nelik g\u00f6\u00e7 yasa\u011f\u0131 ve bunun \u00c7e\u015fitlilik Vizesi ba\u015fvuru sahipleri i\u00e7in ne anlama geldi\u011fi"},"content":{"rendered":"\n<div class=\"wp-block-columns is-layout-flex wp-container-core-columns-is-layout-9d6595d7 wp-block-columns-is-layout-flex\">\n<div class=\"wp-block-column has-background is-layout-flow wp-block-column-is-layout-flow\" style=\"background-color:#f5f5f5\">\n<h2 class=\"wp-block-heading has-black-color has-text-color has-link-color wp-elements-311039a7c73fca7d29bb42675f728aa1\"><strong>\u00d6NEML\u0130 G\u00dcNCELLEME 16th ARALIK 2025<\/strong><\/h2>\n\n\n\n<p class=\"has-small-font-size\"><br>Bu makale yay\u0131mland\u0131\u011f\u0131ndan beri, ABD h\u00fck\u00fcmeti s<strong>eyahat k\u0131s\u0131tlamalar\u0131n\u0131 geni\u015fletti<\/strong> ve etkilenen \u00fclke say\u0131s\u0131n\u0131 <strong>19\u2019dan 39\u2019a <\/strong> \u00e7\u0131kard\u0131; de\u011fi\u015fikliklerin Ocak <strong>2026<\/strong>\u2019da y\u00fcr\u00fcrl\u00fc\u011fe girmesi planlan\u0131yor.<\/p>\n\n\n\n<p class=\"has-small-font-size\">G\u00fcncellenen politika, ilgili \u00fclkeye ba\u011fl\u0131 olarak <strong>tam seyahat yasaklar\u0131<\/strong> ve <strong>k\u0131smi vize k\u0131s\u0131tlamalar\u0131<\/strong> getirmektedir.<br><br><\/p>\n\n\n\n<h2 class=\"wp-block-heading has-small-font-size\"><strong>Tam seyahat yasa\u011f\u0131 uygulanan \u00fclkeler<\/strong><\/h2>\n\n\n\n<p class=\"has-small-font-size\"><br>Afganistan, Burkina Faso, \u00c7ad, Kongo Cumhuriyeti, Ekvator Ginesi, Eritre, Haiti, \u0130ran, Laos, Libya, Mali, Myanmar, Nijer, Sierra Leone, Somali, G\u00fcney Sudan, Sudan, Suriye, Yemen<br><br><\/p>\n\n\n\n<h2 class=\"wp-block-heading has-small-font-size\"><strong>K\u0131smi vize k\u0131s\u0131tlamalar\u0131na tabi \u00fclkeler<\/strong><\/h2>\n\n\n\n<p class=\"has-small-font-size\"><br>Angola, Antigua ve Barbuda, Benin, Burundi, K\u00fcba, Fildi\u015fi Sahili, Dominika, Gabon, Gambiya, Malavi, Moritanya, Nijerya, Senegal, Tanzanya, Togo, Tonga, Venezuela, Zambiya, Zimbabve<br><br><\/p>\n\n\n\n<h2 class=\"wp-block-heading has-small-font-size\"><strong>\u00d6nemli a\u00e7\u0131klamalar<\/strong><\/h2>\n\n\n\n<p class=\"has-small-font-size\"><br>\u2022 Yasal daimi ikamet sahipleri muafiyetlerini korur <br> \u2022 Mevcut ge\u00e7erli vizeler genellikle iptal edilmez <br> \u2022 \u00c7ifte vatanda\u015flar, k\u0131s\u0131tlanmam\u0131\u015f bir \u00fclkeden ald\u0131klar\u0131 pasaport ile seyahat edebilir <br> \u2022 Diversity Visa Program\u0131\u2019na uygunluk, vatanda\u015fl\u0131\u011fa de\u011fil do\u011fum \u00fclkesine g\u00f6re belirlenir ve <a href=\"https:\/\/www.usgreencardoffice.com\/qualifying-countries\">Diversity Visa Program\u0131 uygunluk listesi<\/a>, <strong> seyahat k\u0131s\u0131tlamalar\u0131ndan <\/strong> etkilenmez, <strong>yani uygun adaylar h\u00e2l\u00e2 Diversity Visa Program\u0131\u2019na ba\u015fvurabilir.<\/strong><br> Seyahat k\u0131s\u0131tlamalar\u0131n\u0131n geni\u015fletilmesini do\u011frulayan resmi bir duyuru, <a href=\"https:\/\/www.whitehouse.gov\/fact-sheets\/2025\/12\/fact-sheet-president-donald-j-trump-further-restricts-and-limits-the-entry-of-foreign-nationals-to-protect-the-security-of-the-united-states\/\" target=\"_blank\" rel=\"noopener\">Resm\u00ee Beyaz Saray Web Sitesi<\/a> taraf\u0131ndan yay\u0131mlanm\u0131\u015ft\u0131r.<\/p>\n\n\n\n<p class=\"has-small-font-size\"><br><strong>Feragatname:<\/strong> ABD h\u00fck\u00fcmeti, resmi duyurular arac\u0131l\u0131\u011f\u0131yla seyahat k\u0131s\u0131tlamalar\u0131n\u0131n 39 \u00fclkeye geni\u015fletildi\u011fini do\u011frulam\u0131\u015ft\u0131r; ancak tam \u00fclke listesi, h\u00fck\u00fcmet a\u00e7\u0131klamalar\u0131 ve yetkili hukuki analizlerden derlenen bilgilere dayanmaktad\u0131r ve Federal Register\u2019da tam Ba\u015fkanl\u0131k Bildirgesi yay\u0131mlanana kadar kesinle\u015fmemi\u015ftir.<br><br><\/p>\n\n\n\n<p class=\"has-vivid-red-color has-text-color has-link-color has-small-font-size wp-elements-15e7fdd5b7cf2f50e41b5ae216bdab9c\">A\u015fa\u011f\u0131daki tam makale h\u00e2l\u00e2 ge\u00e7erlidir ve bu seyahat k\u0131s\u0131tlamalar\u0131n\u0131n g\u00f6\u00e7menlik ve \u00c7e\u015fitlilik Vizesi i\u015flemlerini nas\u0131l etkileyebilece\u011fine dair arka plan, ba\u011flam ve a\u00e7\u0131klama sa\u011flar.<\/p>\n<\/div>\n<\/div>\n\n\n\n<h2 class=\"wp-block-heading\" id=\"introduction\"><strong>Giri\u015f<\/strong><\/h2>\n\n\n\n<div class=\"wp-block-columns is-layout-flex wp-container-core-columns-is-layout-9d6595d7 wp-block-columns-is-layout-flex\">\n<div class=\"wp-block-column is-layout-flow wp-block-column-is-layout-flow\">\n<p><br>Trump y\u00f6netimi, 19 \u00fclkeyi etkileyen <a href=\"https:\/\/www.whitehouse.gov\/presidential-actions\/2025\/06\/restricting-the-entry-of-foreign-nationals-to-protect-the-united-states-from-foreign-terrorists-and-other-national-security-and-public-safety-threats\/\" target=\"_blank\" rel=\"noopener\">yeni bir g\u00f6\u00e7menlik yasa\u011f\u0131 ilan etti. <\/a> Resm\u00ee a\u00e7\u0131klama, bunun Amerika Birle\u015fik Devletleri\u2019ni ter\u00f6rizmden, su\u00e7tan ve vize s\u00fcresi a\u015f\u0131m\u0131ndan korumak i\u00e7in gerekli oldu\u011fudur. ABD Ye\u015fil Kart Ofisi\u2019nde, Amerika Birle\u015fik Devletleri\u2019ne girmek isteyen her ki\u015fi \u00fczerinde g\u00fc\u00e7l\u00fc ve dikkatli g\u00fcvenlik kontrollerini tamamen destekliyoruz. Ancak, bir az\u0131nl\u0131\u011f\u0131n eylemleri nedeniyle b\u00fct\u00fcn \u00fclkeleri ve t\u00fcm n\u00fcfuslar\u0131 cezaland\u0131ran genel yasaklara \u015fiddetle kar\u015f\u0131y\u0131z.<\/p>\n\n\n\n<p><br>Biz g\u00fcvenli bir Amerika\u2019ya inan\u0131yoruz, ancak ayn\u0131 zamanda \u00e7e\u015fitlili\u011fi kabul eden adil bir Amerika\u2019ya da inan\u0131yoruz. Bu makalede, bu 19 \u00fclkenin neden listeye al\u0131nd\u0131\u011f\u0131n\u0131, bu yakla\u015f\u0131m\u0131n neden yanl\u0131\u015f oldu\u011funu d\u00fc\u015f\u00fcnd\u00fc\u011f\u00fcm\u00fcz\u00fc, hangi yasal veya politik de\u011fi\u015fikliklerin m\u00fcmk\u00fcn olabilece\u011fini ve bu \u00fclkelerden insanlar\u0131n h\u00e2l\u00e2 profesyonel hizmetimiz arac\u0131l\u0131\u011f\u0131yla \u00c7e\u015fitlilik Vizesi Program\u0131na ba\u015fvurmay\u0131 neden d\u00fc\u015f\u00fcnmeleri gerekti\u011fini a\u00e7\u0131kl\u0131yoruz. <br><br><br><\/p>\n\n\n\n<div class=\"wp-block-rank-math-toc-block\" id=\"rank-math-toc\" style=\"font-family: 'Lato', sans-serif; font-size: 17px;\">\n    <h2 style=\"margin-bottom: 20px;\"><b>\u0130\u00e7indekiler<\/b><\/h2>\n    <nav>\n        <ul style=\"padding-left: 20px;\">\n            <li style=\"margin-bottom: 10px;\"><a href=\"#introduction\">Giri\u015f<\/a><\/li>\n            <li style=\"margin-bottom: 10px;\"><a href=\"#why-these-19-countries-were-banned\">Bu 19 \u00fclke neden yasakland\u0131<\/a><\/li>\n            <li style=\"margin-bottom: 10px;\">\n                <a href=\"#here-is-a-short-summary-country-by-country\">\u0130\u015fte \u00fclkeler baz\u0131nda k\u0131sa bir \u00f6zet:<\/a>\n                <ul style=\"padding-left: 20px;\">\n                    <!-- Sub-items for this entry can be added here -->\n                <\/ul>\n        \n            <\/li><li style=\"margin-bottom: 10px;\"><a href=\"#why-us-green-card-office-opposes-country-wide-bans\">ABD Ye\u015fil Kart Ofisi\u2019nin \u00dclke Genelindeki Yasaklara Kar\u015f\u0131 Olmas\u0131n\u0131n Nedenleri<\/a><\/li>\n            <li style=\"margin-bottom: 10px;\"><a href=\"#can-congress-or-the-courts-change-this-ban\">Kongre veya mahkemeler bu yasa\u011f\u0131 de\u011fi\u015ftirebilir mi?<\/a><\/li>\n            <li style=\"margin-bottom: 10px;\"><a href=\"#the-19-country-ban-does-not-change-the-basic-rules-of-the-diversity-visa-program\">19 \u00fclkeye getirilen yasak, \u00c7e\u015fitlilik Vizesi Program\u0131\u2019n\u0131n temel kurallar\u0131n\u0131 de\u011fi\u015ftirmez.<\/a><\/li>\n            <li style=\"margin-bottom: 10px;\"><a href=\"#conclusion\">Sonu\u00e7<\/a><\/li>\n        <\/ul>\n    <\/nav>\n<\/div>\n<\/div>\n\n\n\n<div class=\"wp-block-column is-layout-flow wp-block-column-is-layout-flow\">\n<figure class=\"wp-block-image size-full\"><img decoding=\"async\" width=\"700\" height=\"700\" src=\"https:\/\/www.usgreencardoffice.com\/blog\/wp-content\/uploads\/2025\/12\/Group-399-1.jpg\" alt=\"Trump\u2019un 19 \u00fclke g\u00f6\u00e7menlik yasa\u011f\u0131\" class=\"wp-image-14003\" srcset=\"https:\/\/www.usgreencardoffice.com\/blog\/wp-content\/uploads\/2025\/12\/Group-399-1.jpg 700w, https:\/\/www.usgreencardoffice.com\/blog\/wp-content\/uploads\/2025\/12\/Group-399-1-300x300.jpg 300w, https:\/\/www.usgreencardoffice.com\/blog\/wp-content\/uploads\/2025\/12\/Group-399-1-150x150.jpg 150w\" sizes=\"(max-width: 700px) 100vw, 700px\" \/><\/figure>\n<\/div>\n<\/div>\n\n\n\n<div style=\"height:20px\" aria-hidden=\"true\" class=\"wp-block-spacer\"><\/div>\n\n\n\n<div class=\"wp-block-columns is-layout-flex wp-container-core-columns-is-layout-9d6595d7 wp-block-columns-is-layout-flex\">\n<div class=\"wp-block-column is-layout-flow wp-block-column-is-layout-flow\" style=\"flex-basis:20%\"><\/div>\n\n\n\n<div class=\"wp-block-column is-layout-flow wp-block-column-is-layout-flow\" style=\"flex-basis:60%\">\n<figure class=\"wp-block-embed is-type-video is-provider-youtube wp-block-embed-youtube wp-embed-aspect-16-9 wp-has-aspect-ratio\"><div class=\"wp-block-embed__wrapper\">\n<iframe title=\"Trump\u2019s 19-Country Immigration Ban Explained \ud83c\uddfa\ud83c\uddf8 | What DV Lottery Applicants MUST Know\" width=\"640\" height=\"360\" src=\"https:\/\/www.youtube.com\/embed\/1efADeAP08g?feature=oembed\" frameborder=\"0\" allow=\"accelerometer; autoplay; clipboard-write; encrypted-media; gyroscope; picture-in-picture; web-share\" referrerpolicy=\"strict-origin-when-cross-origin\" allowfullscreen><\/iframe>\n<\/div><\/figure>\n<\/div>\n\n\n\n<div class=\"wp-block-column is-layout-flow wp-block-column-is-layout-flow\" style=\"flex-basis:20%\"><\/div>\n<\/div>\n\n\n\n<h2 class=\"wp-block-heading\" id=\"why-these-19-countries-were-banned\"><br><strong>Bu 19 \u00fclke neden yasakland\u0131<\/strong><br><br><\/h2>\n\n\n\n<p>H\u00fck\u00fbmet metni uzun ve teknik. \u00d6zetlersek, 19 \u00fclke yasa\u011f\u0131n\u0131n nedenleri \u00fc\u00e7 ana gruba ayr\u0131l\u0131yor. <\/p>\n\n\n\n<p><br><\/p>\n\n\n\n<p>1. Sava\u015f, kaos ya\u015fayan veya i\u015fleyen bir merkezi h\u00fck\u00fcmeti olmayan \u00fclkeler; bu nedenle Amerika Birle\u015fik Devletleri pasaportlara veya g\u00fcvenlik kontrollerine g\u00fcvenemeyece\u011fini belirtir. <br> 2. \u00c7ok y\u00fcksek vize a\u015f\u0131m oran\u0131na sahip \u00fclkeler; yani bir\u00e7ok ziyaret\u00e7i veya \u00f6\u011frenci vizesi s\u00fcresi doldu\u011funda \u00fclkeden ayr\u0131lmam\u0131\u015ft\u0131r. <br> 3. Amerika Birle\u015fik Devletleri taraf\u0131ndan g\u00fcvenlik konular\u0131nda d\u00fc\u015fmanca veya i\u015f birli\u011fi yapmayan olarak g\u00f6r\u00fclen \u00fclkeler; geri g\u00f6nderilen vatanda\u015flar\u0131 kabul etmemek de dahil.<br><br><\/p>\n\n\n<div class=\"wp-block-image\">\n<figure class=\"aligncenter size-full\"><a href=\"https:\/\/www.usgreencardoffice.com\/tr\/apply\"><img decoding=\"async\" width=\"728\" height=\"90\" src=\"https:\/\/www.usgreencardoffice.com\/blog\/wp-content\/uploads\/2022\/06\/acf3c043.gif\" alt=\"\" class=\"wp-image-4094\"\/><\/a><\/figure>\n<\/div>\n\n\n<h2 class=\"wp-block-heading\" id=\"here-is-a-short-summary-country-by-country\"><br><br><strong>\u0130\u015fte \u00fclkeler baz\u0131nda k\u0131sa bir \u00f6zet:<\/strong><br><br><br><\/h2>\n\n\n<div class=\"wp-block-image\">\n<figure class=\"aligncenter size-full\"><img decoding=\"async\" width=\"636\" height=\"366\" src=\"https:\/\/www.usgreencardoffice.com\/blog\/wp-content\/uploads\/2025\/12\/visa-program.jpg\" alt=\"Trump\u2019un 19 \u00fclke yasa\u011f\u0131\" class=\"wp-image-14027\" srcset=\"https:\/\/www.usgreencardoffice.com\/blog\/wp-content\/uploads\/2025\/12\/visa-program.jpg 636w, https:\/\/www.usgreencardoffice.com\/blog\/wp-content\/uploads\/2025\/12\/visa-program-300x173.jpg 300w\" sizes=\"(max-width: 636px) 100vw, 636px\" \/><\/figure>\n<\/div>\n\n\n<h3 class=\"wp-block-heading\" id=\"afghanistan\"><br><br><br><strong>Afganistan<\/strong><\/h3>\n\n\n\n<p>Amerika Birle\u015fik Devletleri, Afganistan\u2019\u0131n art\u0131k istikrarl\u0131 ve g\u00fcvenilir bir h\u00fck\u00fcmete sahip olmad\u0131\u011f\u0131n\u0131 s\u00f6yl\u00fcyor; bu nedenle insanlar\u0131n ger\u00e7ekten kim oldu\u011funu do\u011frulamak \u00e7ok zor ve vizelerle giren bir\u00e7ok ki\u015fi zaman\u0131nda ayr\u0131lmad\u0131. Bu y\u00fczden, Afganistan\u2019dan neredeyse t\u00fcm giri\u015fleri durdurmaya karar verdiler. <\/p>\n\n\n\n<h3 class=\"wp-block-heading\" id=\"myanmar-burma\"><br><strong>Myanmar Burma<\/strong><\/h3>\n\n\n\n<p>Myanmar askeri y\u00f6netim alt\u0131nda ve \u00e7ok istikrars\u0131zd\u0131r. Amerika Birle\u015fik Devletleri, Myanmar\u2019dan gelen ziyaret\u00e7iler ve \u00f6\u011frenciler taraf\u0131ndan \u00e7ok y\u00fcksek kalma s\u00fcreleri oranlar\u0131na i\u015faret ediyor ve yetkililerin s\u0131n\u0131r d\u0131\u015f\u0131 edilen ki\u015filerin geri d\u00f6n\u00fc\u015flerinde iyi i\u015fbirli\u011fi yapmad\u0131\u011f\u0131n\u0131 s\u00f6yl\u00fcyor. <\/p>\n\n\n\n<h3 class=\"wp-block-heading\" id=\"chad\"><br><strong>\u00c7ad<\/strong><\/h3>\n\n\n\n<p>\u00c7ad\u2019\u0131n vize s\u00fcre a\u015f\u0131m\u0131 say\u0131lar\u0131 son derece y\u00fcksektir. Ziyaret\u00e7ilerin b\u00fcy\u00fck bir k\u0131sm\u0131 yasal s\u00fcrenin \u00f6tesinde kalm\u0131\u015ft\u0131r. H\u00fck\u00fbmet, bunu Amerika Birle\u015fik Devletleri g\u00f6\u00e7menlik kurallar\u0131na ciddi bir sayg\u0131s\u0131zl\u0131k olarak nitelendirir ve yasa\u011f\u0131n ana nedeni olarak bunu kullan\u0131r.  <\/p>\n\n\n\n<h3 class=\"wp-block-heading\" id=\"republic-of-the-congo\"><br><strong>Kongo Cumhuriyeti<\/strong><\/h3>\n\n\n\n<p>Bu \u00fclkeden gelen insanlar\u0131n da y\u00fcksek vize a\u015f\u0131m\u0131 oranlar\u0131 vard\u0131r. Amerika Birle\u015fik Devletleri, bu kadar \u00e7ok insan yasal giri\u015ften sonra yasa d\u0131\u015f\u0131 kald\u0131\u011f\u0131nda bunun bir g\u00fcvenlik ve uygulama sorunu haline geldi\u011fini savunuyor, bu y\u00fczden \u00e7o\u011fu seyahati ask\u0131ya ald\u0131lar. <br><br><\/p>\n\n\n\n<h3 class=\"wp-block-heading\" id=\"equatorial-guinea\"><strong>Ekvator Ginesi<\/strong><\/h3>\n\n\n\n<p>Burada odak tekrar vize s\u00fcresini a\u015fanlarda, \u00f6zellikle \u00f6\u011frenciler ve de\u011fi\u015fim ziyaret\u00e7ileri \u00fczerinde. Vize s\u00fcresi a\u015f\u0131m\u0131 y\u00fczdeleri \u00e7ok y\u00fcksek, bu y\u00fczden h\u00fck\u00fcmet \u00e7o\u011fu vizeyi engellemeye karar verdi. <\/p>\n\n\n\n<h3 class=\"wp-block-heading\" id=\"eritrea\"><br><strong>Eritrea<\/strong><\/h3>\n\n\n\n<p>Amerika Birle\u015fik Devletleri, Eritre\u2019nin vatanda\u015flar\u0131 hakk\u0131nda g\u00fcvenilir bilgi payla\u015fmad\u0131\u011f\u0131n\u0131 ve \u00e7o\u011fu zaman s\u0131n\u0131r d\u0131\u015f\u0131 edilen vatanda\u015flar\u0131 kabul etmeyi reddetti\u011fini s\u00f6yl\u00fcyor. Bunun \u00fczerine, bir\u00e7ok ziyaret\u00e7i ve \u00f6\u011frenci vizelerini a\u015fm\u0131\u015f durumda. T\u00fcm bunlar birlikte, tam bir yasa\u011f\u0131n gerek\u00e7esi olarak kullan\u0131l\u0131yor.  <\/p>\n\n\n\n<h3 class=\"wp-block-heading\" id=\"haiti\"><br><strong>Haiti<\/strong><\/h3>\n\n\n\n<p>Haiti istikrars\u0131zd\u0131r ve ciddi g\u00fcvenlik ile ekonomik sorunlara sahiptir. Amerika Birle\u015fik Devletleri, d\u00fczensiz \u015fekilde s\u0131n\u0131rlar\u0131 ge\u00e7en ki\u015filer de dahil olmak \u00fczere bir\u00e7ok son var\u0131\u015fa ve y\u00fcksek s\u00fcre a\u015f\u0131m\u0131 oranlar\u0131na i\u015faret etmektedir. Resm\u00ee iddia, Haiti\u2019deki sistemin uygun denetimi destekleyecek kadar g\u00fc\u00e7l\u00fc olmad\u0131\u011f\u0131d\u0131r.  <\/p>\n\n\n\n<h3 class=\"wp-block-heading\" id=\"iran\"><br><strong>Iran<\/strong><\/h3>\n\n\n\n<p>\u0130ran, ter\u00f6rizmin devlet destek\u00e7isi olarak ve Amerika Birle\u015fik Devletleri g\u00fcvenlik yetkilileriyle i\u015f birli\u011fi yapmayan bir h\u00fck\u00fcmet olarak tan\u0131mlanmaktad\u0131r. Bu siyasi ve g\u00fcvenlik endi\u015feleri nedeniyle, ilan neredeyse t\u00fcm \u0130ran giri\u015flerini engellemektedir. <\/p>\n\n\n\n<h3 class=\"wp-block-heading\" id=\"libya\"><br><strong>Libya<\/strong><\/h3>\n\n\n\n<p>Libya\u2019n\u0131n \u00fclkenin tamam\u0131n\u0131 kontrol eden g\u00fc\u00e7l\u00fc bir merkezi otoritesi yoktur. Libya\u2019n\u0131n baz\u0131 b\u00f6lgeleri silahl\u0131 gruplar ve ter\u00f6r \u00f6rg\u00fctleri taraf\u0131ndan kullan\u0131lmaktad\u0131r. Amerika Birle\u015fik Devletleri, Libya belgelerine veya g\u00fcvenlik kontrollerine g\u00fcvenemeyece\u011fini belirtiyor, bu y\u00fczden \u00e7o\u011fu giri\u015fleri durduruyor.  <\/p>\n\n\n\n<h3 class=\"wp-block-heading\" id=\"somalia\"><br><strong>Somali<\/strong><\/h3>\n\n\n\n<p>Somali uzun s\u00fcredir \u00e7at\u0131\u015fmalardan ve ter\u00f6rist gruplar\u0131n varl\u0131\u011f\u0131ndan etkilenmektedir. Amerika Birle\u015fik Devletleri, Somali\u2019nin pasaport ve kay\u0131tlar i\u00e7in uygun bir sisteme sahip olmad\u0131\u011f\u0131n\u0131 ve b\u00fcy\u00fck b\u00f6lgelerin h\u00fck\u00fcmet kontrol\u00fc d\u0131\u015f\u0131nda oldu\u011funu, bu y\u00fczden incelemenin \u00e7ok zor oldu\u011funu savunmaktad\u0131r. <\/p>\n\n\n\n<h3 class=\"wp-block-heading\" id=\"sudan\"><br><strong>Sudan<\/strong><\/h3>\n\n\n\n<p>Sudan da ayn\u0131 zamanda \u00e7at\u0131\u015fma ve siyasi ge\u00e7i\u015f s\u00fcrecinden ge\u00e7iyor. Amerika Birle\u015fik Devletleri, Sudan\u2019dan seyahati ask\u0131ya alma gerek\u00e7eleri olarak k\u00f6t\u00fc bilgi payla\u015f\u0131m\u0131, zay\u0131f kurumlar ve y\u00fcksek vize s\u00fcre a\u015f\u0131m\u0131 oranlar\u0131n\u0131 g\u00f6steriyor. <\/p>\n\n\n\n<h3 class=\"wp-block-heading\" id=\"yemen\"><br><strong>Yemen<\/strong><\/h3>\n\n\n\n<p>Yemen i\u00e7 sava\u015f i\u00e7indedir. Amerika Birle\u015fik Devletleri, orada ter\u00f6rist gruplara kar\u015f\u0131 bile askeri operasyonlar y\u00fcr\u00fctm\u00fc\u015ft\u00fcr. H\u00fck\u00fbmet, Yemen\u2019in g\u00fcvenli ve g\u00fcvenilir kimlik kontrolleri sa\u011flayamayaca\u011f\u0131n\u0131 s\u00f6yl\u00fcyor, bu y\u00fczden Yemenli vatanda\u015flar ge\u00e7ici olarak engellenmi\u015ftir.  <\/p>\n\n\n\n<h3 class=\"wp-block-heading\" id=\"burundi\"><br><strong>Burundi<\/strong><\/h3>\n\n\n\n<p>Burundi, esas olarak \u00f6nemli vize a\u015f\u0131m\u0131ndan dolay\u0131 k\u0131s\u0131tlanm\u0131\u015ft\u0131r. Turist veya \u00f6\u011frenci vizeleriyle giri\u015f yapan bir\u00e7ok ki\u015fi, gitmeleri gerekti\u011fi zaman ayr\u0131lmam\u0131\u015ft\u0131r. Bu durum, g\u00f6\u00e7men vizelerinin ve en yayg\u0131n ziyaret\u00e7i vizelerinin durdurulmas\u0131n\u0131n nedeni olarak kullan\u0131lmaktad\u0131r.  <\/p>\n\n\n\n<h3 class=\"wp-block-heading\" id=\"cuba\"><br><strong>Cuba<\/strong><\/h3>\n\n\n\n<p>K\u00fcba, Amerika Birle\u015fik Devletleri taraf\u0131ndan resm\u00ee olarak ter\u00f6rizmi destekleyen devletler listesinde yer almaktad\u0131r. Yetkililer, K\u00fcba\u2019n\u0131n yeterli g\u00fcvenlik bilgisi payla\u015fmad\u0131\u011f\u0131n\u0131 ve s\u0131kl\u0131kla s\u0131n\u0131r d\u0131\u015f\u0131 edilen vatanda\u015flar\u0131 geri kabul etmeyi reddetti\u011fini belirtmektedir. Bu durum, g\u00f6\u00e7men ve ziyaret\u00e7i vizeleri \u00fczerinde k\u0131s\u0131tlamalara yol a\u00e7maktad\u0131r.  <br><br><\/p>\n\n\n\n<h3 class=\"wp-block-heading\" id=\"laos\"><strong>Laos<\/strong><\/h3>\n\n\n\n<p>Laos, Laos\u2019tan gelen ziyaret\u00e7ilerin b\u00fcy\u00fck bir k\u0131sm\u0131n\u0131n vize s\u00fcresini a\u015fmas\u0131 ve h\u00fck\u00fcmetin s\u0131n\u0131r d\u0131\u015f\u0131 edilen vatanda\u015flar\u0131 geri kabul etmede k\u00f6t\u00fc bir sicile sahip olmas\u0131 nedeniyle listede yer almaktad\u0131r. Bu y\u00fczden Amerika Birle\u015fik Devletleri bir\u00e7ok t\u00fcr vizeyi ask\u0131ya alm\u0131\u015ft\u0131r. <\/p>\n\n\n\n<h3 class=\"wp-block-heading\" id=\"sierra-leone\"><br><strong>Sierra Leone<\/strong><\/h3>\n\n\n\n<p>Sierra Leone i\u00e7in, ana neden yine \u00f6zellikle \u00f6\u011frenciler ve de\u011fi\u015fim ziyaret\u00e7ileri aras\u0131nda vize s\u00fcresi a\u015f\u0131m\u0131 olup, geri d\u00f6n\u00fc\u015flerdeki zay\u0131f i\u015f birli\u011fi ile birle\u015fmektedir.<\/p>\n\n\n\n<h3 class=\"wp-block-heading\" id=\"togo\"><br><strong>Togo<\/strong><\/h3>\n\n\n\n<p>Togo, y\u00fcksek kal\u0131\u015f oranlar\u0131 ve s\u0131n\u0131r d\u0131\u015f\u0131 i\u015flemlerinde s\u0131n\u0131rl\u0131 i\u015f birli\u011fi nedeniyle i\u015faretlenmi\u015ftir; bu durum, g\u00fc\u00e7l\u00fc vize k\u0131s\u0131tlamalar\u0131na yol a\u00e7maktad\u0131r.<\/p>\n\n\n\n<h3 class=\"wp-block-heading\" id=\"turkmenistan\"><br><strong>Turkmenistan<\/strong><\/h3>\n\n\n\n<p>Bildiriye g\u00f6re, T\u00fcrkmenistan\u2019dan gelen ziyaret\u00e7iler ve \u00f6\u011frenciler de s\u0131kl\u0131kla yasal olarak izin verilen s\u00fcreden daha uzun s\u00fcre kalmaktad\u0131r. Bu durum, s\u0131n\u0131rl\u0131 i\u015f birli\u011fi ile birlikte, g\u00f6\u00e7men ve b\u00fcy\u00fck \u00e7apl\u0131 g\u00f6\u00e7men olmayan vizelerin ask\u0131ya al\u0131nmas\u0131n\u0131n nedeni olarak g\u00f6sterilmektedir. <\/p>\n\n\n\n<h3 class=\"wp-block-heading\"><br><strong>Venezuela<\/strong><\/h3>\n\n\n\n<p>Venezuela derin bir siyasi ve ekonomik kriz i\u00e7indedir. Amerika Birle\u015fik Devletleri, yetkililerin g\u00fcvenilir belgeler sunmad\u0131\u011f\u0131n\u0131 ve g\u00fcvenlik veya s\u0131n\u0131r d\u0131\u015f\u0131 i\u015flemlerinde iyi i\u015fbirli\u011fi yapmad\u0131klar\u0131n\u0131 iddia etmektedir; bu nedenle Venezuelal\u0131lar i\u00e7in \u00e7o\u011fu g\u00f6\u00e7men ve ziyaret\u00e7i vizesi engellenmektedir. <\/p>\n\n\n\n<p>K\u0131saca, resmi mant\u0131k \u015fudur: Bu \u00fclkeler ya g\u00fcvensiz ve istikrars\u0131zd\u0131r, ya yeterince i\u015f birli\u011fi yapmazlar, ya da vatanda\u015flar\u0131n\u0131n \u00e7ok fazlas\u0131 ge\u00e7mi\u015fte vize kurallar\u0131n\u0131 ihlal etmi\u015ftir.<\/p>\n\n\n\n<h2 class=\"wp-block-heading\" id=\"why-us-green-card-office-opposes-country-wide-bans\"><br><strong>ABD Ye\u015fil Kart Ofisi\u2019nin \u00dclke Genelindeki Yasaklara Kar\u015f\u0131 Olmas\u0131n\u0131n Nedenleri<\/strong><\/h2>\n\n\n\n<p><br><\/p>\n\n\n\n<div class=\"wp-block-columns is-layout-flex wp-container-core-columns-is-layout-9d6595d7 wp-block-columns-is-layout-flex\">\n<div class=\"wp-block-column is-layout-flow wp-block-column-is-layout-flow\">\n<figure class=\"wp-block-image size-full\"><img decoding=\"async\" width=\"700\" height=\"548\" src=\"https:\/\/www.usgreencardoffice.com\/blog\/wp-content\/uploads\/2025\/12\/united-america-vs-divided-america.jpg\" alt=\"Trump\u2019un 19 \u00fclke g\u00f6\u00e7menlik yasa\u011f\u0131\" class=\"wp-image-14031\" srcset=\"https:\/\/www.usgreencardoffice.com\/blog\/wp-content\/uploads\/2025\/12\/united-america-vs-divided-america.jpg 700w, https:\/\/www.usgreencardoffice.com\/blog\/wp-content\/uploads\/2025\/12\/united-america-vs-divided-america-300x235.jpg 300w\" sizes=\"(max-width: 700px) 100vw, 700px\" \/><\/figure>\n<\/div>\n\n\n\n<div class=\"wp-block-column is-layout-flow wp-block-column-is-layout-flow\">\n<p>ABD Ye\u015fil Kart Ofisi\u2019nde, her ba\u015fvuru sahibine y\u00f6nelik titiz ve s\u0131k\u0131 g\u00fcvenlik kontrollerini tamamen destekliyoruz. Hi\u00e7bir \u00fclke ter\u00f6ristleri veya ciddi su\u00e7lular\u0131 davet etmek istemez. Amerika Birle\u015fik Devletleri\u2019nde ya\u015famak, \u00f6\u011frenim g\u00f6rmek veya \u00e7al\u0131\u015fmak isteyen her ki\u015finin g\u00fc\u00e7l\u00fc ge\u00e7mi\u015f kontrolleri ile d\u00fczg\u00fcn \u015fekilde incelenmesi gerekti\u011fi konusunda hemfikiriz.  <\/p>\n\n\n\n<p><br>Kabul etmedi\u011fimiz \u015fey, insanlar\u0131n nerede do\u011fduklar\u0131 nedeniyle milyonlarca masum insan\u0131n cezaland\u0131r\u0131lmas\u0131d\u0131r. Bir b\u00fct\u00fcn \u00fclke yasakland\u0131\u011f\u0131nda, iyi insanlar herhangi bir bireysel de\u011ferlendirme yap\u0131lmadan tehlikeliymi\u015f gibi muamele g\u00f6r\u00fcr. Aileler ayr\u0131l\u0131r, \u00f6\u011frenciler hayat de\u011fi\u015ftiren f\u0131rsatlar\u0131 kaybeder, i\u015fletmeler yetenek kaybeder ve toplumlar \u00e7e\u015fitlili\u011fini yitirir.  <\/p>\n\n\n\n<p><br>Amerikan g\u00f6\u00e7menlik sistemi b\u00f6yle \u00e7al\u0131\u015fmamal\u0131d\u0131r. Birle\u015fik Devletler, her zaman bir\u00e7ok k\u00fclt\u00fcrden insan\u0131 kabul etti\u011finde en g\u00fc\u00e7l\u00fc olmu\u015ftur, ayn\u0131 zamanda ulusal g\u00fcvenli\u011fi korurken. Ak\u0131ll\u0131 bir sistem, her ki\u015fiyi dikkatlice inceler, b\u00fct\u00fcn uluslar\u0131 de\u011fil.  <\/p>\n<\/div>\n<\/div>\n\n\n\n<p><br>Bir\u00e7ok insan haklar\u0131 \u00f6rg\u00fct\u00fc, din\u00ee lider, i\u015f d\u00fcnyas\u0131 grubu ve g\u00f6\u00e7menlik yanl\u0131s\u0131 siyaset\u00e7i, bu 19 \u00fclkeyi kapsayan yasa\u011fa kar\u015f\u0131 \u015fimdiden konu\u015ftu. Bunun korku ve ayr\u0131mc\u0131l\u0131\u011f\u0131 k\u00f6r\u00fckledi\u011fini, ekonomiye zarar verdi\u011fini ve adalet ile e\u015fit muamele de\u011ferlerine ihanet etti\u011fini savunuyorlar. Biz de bu g\u00f6r\u00fc\u015f\u00fc payla\u015f\u0131yoruz.  <br><br>\u0130nsani bir bak\u0131\u015f a\u00e7\u0131s\u0131ndan de\u011ferlendirildi\u011finde, bu kapsaml\u0131 yasak aileleri par\u00e7alayacakt\u0131r<strong>.<\/strong> Bu \u00fclkelerden binlerce insan\u0131n ABD\u2019de akrabalar\u0131 bulunmaktad\u0131r ya da aile \u00fcyeleriyle yeniden bir araya gelmeyi planlam\u0131\u015flard\u0131r. Yasak kapsam\u0131nda, bir ABD vatanda\u015f\u0131 bile, yasak kald\u0131r\u0131lana kadar, \u00f6rne\u011fin \u0130ran ya da Sudan\u2019dan e\u015fini veya \u00e7ocu\u011funu \u00fclkeye getiremez. <a href=\"https:\/\/www.americanimmigrationcouncil.org\/\" target=\"_blank\" rel=\"noopener\"><strong>Amerikan G\u00f6\u00e7menlik Konseyi<\/strong><\/a> taraf\u0131ndan yap\u0131lan bir analiz, yasakl\u0131 \u00fclkelerden gelen ki\u015filerin bu uygulama y\u00fcr\u00fcrl\u00fckte kald\u0131\u011f\u0131 s\u00fcrece <strong>\u201c<em>yurt d\u0131\u015f\u0131nda ya\u015fayan aile \u00fcyelerini fiilen g\u00f6remeyeceklerini<\/em>\u201d<\/strong> ortaya koymu\u015ftur. Bu durum say\u0131s\u0131z aile i\u00e7in y\u00fcrek par\u00e7alay\u0131c\u0131d\u0131r. Ayn\u0131 zamanda zul\u00fcmden ka\u00e7an m\u00fcltecilere de zarar vermektedir; bu \u00fclkelerin bir\u00e7o\u011fu (Somali, Sudan, Yemen vb.) ger\u00e7ekten g\u00fcvenli bir s\u0131\u011f\u0131na\u011fa ihtiya\u00e7 duyan m\u00fclteciler \u00fcretmektedir. Toplu yasaklar, bireysel liyakati veya ihtiyac\u0131 g\u00f6z ard\u0131 ederek, ter\u00f6r ya da sava\u015f ma\u011fdurlar\u0131n\u0131 bile engellemektedir; bu da Amerika\u2019n\u0131n ezilenlere s\u0131\u011f\u0131nak sunma y\u00f6n\u00fcndeki uzun gelene\u011fine ayk\u0131r\u0131d\u0131r.     <br><br><\/p>\n\n\n\n<p>\u0130nsan\u00ee etkilerin \u00f6tesinde, bu <strong>politika Amerika\u2019n\u0131n \u00e7\u0131karlar\u0131na<\/strong> da zarar vermektedir. Yaln\u0131zca ge\u00e7ti\u011fimiz y\u0131l i\u00e7inde, <a href=\"https:\/\/www.padilla.senate.gov\/newsroom\/press-releases\/padilla-schiff-colleagues-demand-accountability-for-president-trumps-discriminatory-travel-ban\/#:~:text=%E2%80%9CThe%20effects%20of%20President%20Trump%E2%80%99s,in%20innumerable%20ways%2C%E2%80%9D%C2%A0wrote%20the%20lawmakers\" target=\"_blank\" rel=\"noopener\">padilla.senate.gov<\/a>\u2019a g\u00f6re \u015fu anda tamamen yasaklanan \u00fclkelerden gelen ki\u015filere <strong>126.000\u2019den fazla vize verildi<\/strong>. Bu, ekonomimize ve toplumumuza katk\u0131da bulunacak binlerce \u00f6\u011frenci, nitelikli \u00e7al\u0131\u015fan, turist ve aile \u00fcyesi anlam\u0131na geliyordu. Yasa\u011fa kar\u015f\u0131 \u00e7\u0131kan yasa koyucular, bu ki\u015filerin <strong>\u201c<em>ekonomimizi destekledi\u011fini ya da \u00fclkemizi say\u0131s\u0131z \u015fekilde zenginle\u015ftirdi\u011fini<\/em>\u201d<\/strong> belirtmi\u015ftir.  <em> <\/em>Alex Padilla \u015f\u00f6yle diyor<em>:<\/em> Onlar\u0131 yasaklamak, t\u0131ptan tar\u0131ma kadar i\u015f g\u00fcc\u00fc a\u00e7\u0131\u011f\u0131yla kar\u015f\u0131 kar\u015f\u0131ya olan kilit sekt\u00f6rlerde yetenek ve i\u015f g\u00fcc\u00fcnden mahrum kalmak anlam\u0131na geliyor. Ayr\u0131ca, ABD Seyahat Derne\u011fi\u2019nin bu kadar sert g\u00f6\u00e7menlik k\u0131s\u0131tlamalar\u0131 nedeniyle turizm gelirlerinde keskin bir d\u00fc\u015f\u00fc\u015f olaca\u011f\u0131n\u0131 (yaln\u0131zca 2025 y\u0131l\u0131nda tahmini 12,5 milyar dolarl\u0131k bir kay\u0131p) \u00f6ng\u00f6rmesine g\u00f6re, turizm ve seyahat sekt\u00f6r\u00fcn\u00fc de olumsuz etkiliyor. \u00d6zetle, bu yasak yaln\u0131zca a\u00e7\u0131kl\u0131k ve din \u00f6zg\u00fcrl\u00fc\u011f\u00fc gibi Amerikan kurulu\u015f ilkeleriyle \u00e7eli\u015fmekle kalm\u0131yor, ayn\u0131 zamanda ekonomimizi ve k\u00fcresel konumumuzu da zay\u0131flatabilir. T\u00fcm uluslar\u0131n kap\u0131s\u0131n\u0131 kapatmadan, geli\u015fmi\u015f tarama ve bilgi payla\u015f\u0131m\u0131n\u0131 kullanarak yolcular\u0131 denetlemenin daha ak\u0131ll\u0131 yollar\u0131 oldu\u011funa inan\u0131yoruz<em>.<\/em> Amerika\u2019n\u0131n g\u00fcc\u00fc \u00e7e\u015fitlili\u011finden ve ideallerinden gelir; korku ve siyasetle beslenen b\u00f6yle genel bir yasak, California <a href=\"https:\/\/www.padilla.senate.gov\/about\/\" target=\"_blank\" rel=\"noopener\">ABD Senat\u00f6r\u00fc Alex Padilla\u2019ya<\/a> g\u00f6re bildi\u011fimiz ve de\u011fer verdi\u011fimiz Amerikan yolu de\u011fildir.   <br><br><br><\/p>\n\n\n<div class=\"wp-block-image\">\n<figure class=\"aligncenter size-full\"><a href=\"https:\/\/www.usgreencardoffice.com\/tr\/apply\"><img decoding=\"async\" width=\"728\" height=\"90\" src=\"https:\/\/www.usgreencardoffice.com\/blog\/wp-content\/uploads\/2022\/06\/acf3c043.gif\" alt=\"\" class=\"wp-image-4094\"\/><\/a><\/figure>\n<\/div>\n\n\n<p><br><br><strong>Kongre veya mahkemeler bu yasa\u011f\u0131 de\u011fi\u015ftirebilir mi?<\/strong><\/p>\n\n\n\n<p><br>Ba\u015fkan \u015fu anda, yabanc\u0131 uyruklular\u0131n giri\u015flerinin Amerika Birle\u015fik Devletleri\u2019nin \u00e7\u0131karlar\u0131na zarar verici olarak g\u00f6r\u00fclmesi h\u00e2linde giri\u015flerinin ask\u0131ya al\u0131nmas\u0131na izin veren g\u00f6\u00e7menlik yasas\u0131n\u0131n bir b\u00f6l\u00fcm\u00fcn\u00fc kullanmaktad\u0131r. Bu, 19 \u00fclkeyi kapsayan bu yasa\u011f\u0131n hukuki dayana\u011f\u0131d\u0131r. <\/p>\n\n\n\n<p><br>Ancak bu, yasa\u011f\u0131n sonsuza kadar s\u00fcrece\u011fi anlam\u0131na gelmez. De\u011fi\u015fim i\u00e7in birka\u00e7 olas\u0131 yol bulunmaktad\u0131r. <br><\/p>\n\n\n\n<p><br>Amerika Birle\u015fik Devletleri&#8217;ndeki g\u00f6\u00e7menlik kurallar\u0131, h\u00fck\u00fcmetin \u00fc\u00e7 organ\u0131 olan Ba\u015fkan, Kongre ve mahkemeler taraf\u0131ndan \u015fekillendirilir.<br><br><\/p>\n\n\n\n<div class=\"wp-block-columns is-layout-flex wp-container-core-columns-is-layout-9d6595d7 wp-block-columns-is-layout-flex\">\n<div class=\"wp-block-column is-layout-flow wp-block-column-is-layout-flow\">\n<div style=\"font-family: 'Lato', sans-serif; font-size: 17px; line-height: 28px; color: #333333;\">\n  <ul style=\"padding-left: 20px; margin-top: 10px;\">\n    <li style=\"margin-bottom: 10px;\">Kongre, bir Ba\u015fkan\u2019\u0131n bu t\u00fcr yasaklarla ne kadar ileri gidebilece\u011fini s\u0131n\u0131rlayan veya bu \u00f6zel politikay\u0131 iptal eden yeni bir yasa \u00e7\u0131karabilir. Bunun ba\u015far\u0131l\u0131 olmas\u0131 i\u00e7in Temsilciler Meclisi ve Senato\u2019da \u00e7o\u011funlu\u011fun anla\u015fmas\u0131 gerekir ve normalde Ba\u015fkan yasan\u0131n imzas\u0131n\u0131 atmal\u0131d\u0131r. Ba\u015fkan yasay\u0131 imzalamay\u0131 reddederse, veto karar\u0131n\u0131 a\u015fmak i\u00e7in Kongre\u2019nin hem Temsilciler Meclisi hem de Senato\u2019da \u00fc\u00e7te iki \u00e7o\u011funlu\u011fa ihtiyac\u0131 olacakt\u0131r.  <\/li>\n    <li style=\"margin-bottom: 10px;\">Mahkemeler, bir yasa\u011f\u0131n Anayasa\u2019y\u0131 ihlal edecek \u015fekilde uygulan\u0131p uygulanmad\u0131\u011f\u0131n\u0131 veya di\u011fer g\u00f6\u00e7menlik yasalar\u0131yla \u00e7eli\u015fip \u00e7eli\u015fmedi\u011fini inceleyebilir. \u00d6nceki seyahat yasaklar\u0131 mahkemede bir\u00e7ok kez dava konusu olmu\u015ftur. Baz\u0131 erken s\u00fcr\u00fcmler engellenmi\u015f, sonraki s\u00fcr\u00fcmler s\u0131n\u0131rland\u0131r\u0131lm\u0131\u015f ve bir s\u00fcr\u00fcm onaylanm\u0131\u015ft\u0131r. Bu yeni 19 \u00fclke yasa\u011f\u0131n\u0131n da muhtemelen hukuki itirazlarla kar\u015f\u0131la\u015fmas\u0131 olas\u0131d\u0131r; ancak son yarg\u0131sal geli\u015fmeler, ihtiyati tedbirlerin kapsam\u0131n\u0131 ve mahkemelerin bu t\u00fcr eylemleri ne kadar geni\u015f \u015fekilde engelleyebilece\u011fini daraltabilir.   <\/li>\n    <li style=\"margin-bottom: 10px;\">Yasak, g\u00f6revdeki Cumhurba\u015fkan\u0131 veya yeni bir Cumhurba\u015fkan\u0131 taraf\u0131ndan iptal edilebilir. G\u00f6\u00e7menli\u011fe daha ho\u015fg\u00f6r\u00fcl\u00fc bir yakla\u015f\u0131m benimseyen gelecekteki bir y\u00f6netim, k\u0131s\u0131tlamalar\u0131 kald\u0131ran veya azaltan yeni bir karar \u00e7\u0131karabilir. <\/li>\n  <\/ul>\n<\/div>\n<\/div>\n\n\n\n<div class=\"wp-block-column is-layout-flow wp-block-column-is-layout-flow\">\n<figure class=\"wp-block-image size-full\"><img decoding=\"async\" width=\"700\" height=\"591\" src=\"https:\/\/www.usgreencardoffice.com\/blog\/wp-content\/uploads\/2025\/12\/Group-398-1.jpg\" alt=\"Trump\u2019un 19 \u00fclke g\u00f6\u00e7menlik yasa\u011f\u0131\" class=\"wp-image-14034\" srcset=\"https:\/\/www.usgreencardoffice.com\/blog\/wp-content\/uploads\/2025\/12\/Group-398-1.jpg 700w, https:\/\/www.usgreencardoffice.com\/blog\/wp-content\/uploads\/2025\/12\/Group-398-1-300x253.jpg 300w\" sizes=\"(max-width: 700px) 100vw, 700px\" \/><\/figure>\n<\/div>\n<\/div>\n\n\n\n<p><br>Bu 19 \u00fclke yasa\u011f\u0131 kal\u0131c\u0131 m\u0131 olacak? <strong>Zorunlu de\u011fil<\/strong>. Daha \u00f6nceki seyahat yasaklar\u0131na itiraz edildi\u011fi gibi, bu yasak da <strong>\u015fimdiden yasama<\/strong> organ\u0131ndan ve muhtemelen mahkemelerden ciddi itirazlarla kar\u015f\u0131 kar\u015f\u0131ya. Kongrede, bir\u00e7ok milletvekili (\u00f6ncelikle Demokratlar) bu yasa\u011f\u0131 \u201cgeni\u015f kapsaml\u0131\u201d ve \u201cayr\u0131mc\u0131\u201d olarak k\u0131nad\u0131. \u00d6rne\u011fin, Senat\u00f6r Alex Padilla ve Temsilci Judy Chu\u2019nun liderli\u011findeki 70 milletvekili, Ba\u015fkan Trump\u2019a yasa\u011f\u0131 derhal geri \u00e7ekmesi i\u00e7in bir mektup yazd\u0131.  <br><br><br>Onlar, bunun \u201c<em>\u00fclkemizin kurulu\u015f ilkelerini lekeledi\u011fini<\/em>\u201d \u00f6ne s\u00fcrd\u00fcler ve s\u00f6zde g\u00fcvenlik gerek\u00e7eleri hakk\u0131nda \u015feffafl\u0131k \u00e7a\u011fr\u0131s\u0131nda bulundular. Kongre \u00fcyeleri ayr\u0131ca yasama d\u00fczeltmelerini de ara\u015ft\u0131r\u0131yor: <a href=\"https:\/\/www.congress.gov\/bill\/119th-congress\/senate-bill\/398\" target=\"_blank\" rel=\"noopener\">NO BAN Yasas\u0131<\/a> gibi tasar\u0131lar, gelecekte hi\u00e7bir ba\u015fkan\u0131n bu kadar geni\u015f ve ayr\u0131mc\u0131 yasaklar\u0131 uygulamas\u0131n\u0131 \u00f6nlemek i\u00e7in \u00f6nerildi<strong>.<\/strong>  <br><br>O eylem, g\u00f6\u00e7menlik yasas\u0131n\u0131, giri\u015fe y\u00f6nelik k\u0131s\u0131tlamalar\u0131n dar kapsaml\u0131 ve g\u00fcvenilir kan\u0131tlara dayal\u0131 olmas\u0131n\u0131, din veya milliyet gibi genel \u00f6zelliklere de\u011fil, gerektirecek \u015fekilde de\u011fi\u015ftirecekti. \u00d6rne\u011fin, siyasi r\u00fczgarlar de\u011fi\u015firse, Ba\u015fkan\u0131n partisi bir sonraki se\u00e7imlerde Kongre kontrol\u00fcn\u00fc kaybederse, yasa\u011f\u0131n geri al\u0131nmas\u0131 y\u00f6n\u00fcnde artan bir bask\u0131 g\u00f6rebiliriz. <br><br><br>Yeni bir Kongre, yasa\u011f\u0131 iptal eden veya s\u0131n\u0131rlayan bir yasa \u00e7\u0131karabilir, ancak bir ba\u015fkanl\u0131k vetosunu a\u015fmak iki \u00fc\u00e7te iki \u00e7o\u011funluk gerektirir. Yine de, g\u00f6rd\u00fc\u011f\u00fcm\u00fcz g\u00fc\u00e7l\u00fc muhalefet, bu politikan\u0131n evrensel olarak kabul g\u00f6rmesinden \u00e7ok uzak oldu\u011funu g\u00f6steriyor ve gelecek se\u00e7imler veya Kongre eylemleri ger\u00e7ekten de onu tart\u0131\u015fmaya a\u00e7abilir. <br><br><br>Hukuki <strong>a\u00e7\u0131dan<\/strong>, mahkeme sava\u015flar\u0131 bekleniyor. G\u00f6\u00e7 ve sivil haklar gruplar\u0131n\u0131n bu yasa\u011f\u0131 anayasa ihlali veya g\u00f6\u00e7menlik yasalar\u0131na ayk\u0131r\u0131 olarak dava etmesi muhtemeldir. Asl\u0131nda, \u00f6nceki seyahat yasaklar\u0131 \u00e7ok say\u0131da dava ile kar\u015f\u0131land\u0131 ve baz\u0131lar\u0131 ilk etapta ba\u015far\u0131 sa\u011flad\u0131. 2017 y\u0131l\u0131nda, mahkemeler Trump\u2019\u0131n \u201cM\u00fcsl\u00fcman yasa\u011f\u0131\u201dn\u0131n ilk versiyonlar\u0131n\u0131 reddetti, ancak revize edilen bir versiyon <strong>2018\u2019de Y\u00fcksek Mahkeme taraf\u0131ndan onayland\u0131.<\/strong>   <\/p>\n\n\n\n<p>Mevcut 19 \u00fclke yasa\u011f\u0131 ayr\u0131ca Y\u00fcksek Mahkeme \u00f6n\u00fcne de gelebilir. Ba\u015fkan\u0131n, yasalar \u00e7er\u00e7evesinde (G\u00f6\u00e7menlik ve Vatanda\u015fl\u0131k Yasas\u0131\u2019n\u0131n 212(f) Maddesi) ABD \u00e7\u0131karlar\u0131na zararl\u0131 oldu\u011funu de\u011ferlendirdi\u011fi yabanc\u0131 gruplar\u0131n giri\u015fini ask\u0131ya alma konusunda geni\u015f yetkisi vard\u0131r. <br><br><br>Ancak, e\u011fer itiraz edenler bu politikan\u0131n \u00f6nyarg\u0131dan kaynakland\u0131\u011f\u0131n\u0131 veya ge\u00e7erli bir dayana\u011f\u0131 olmad\u0131\u011f\u0131n\u0131 g\u00f6sterebilirlerse, bir mahkeme bunu engelleyebilir. Hukuk uzmanlar\u0131, belirsiz veya \u201ckal\u0131c\u0131\u201d bir yasa\u011f\u0131n, a\u015f\u0131r\u0131 belirsiz olmas\u0131 veya Kongre g\u00f6\u00e7 politikalar\u0131yla \u00e7eli\u015fmesi durumunda, yarg\u0131\u00e7lar\u0131n m\u00fcdahale edebilece\u011fini belirtmektedir. <br><br><br>Zaten <strong>Birle\u015fmi\u015f Milletler\u2019in kayg\u0131s\u0131n\u0131 dile getirdi\u011fini<\/strong> duyduk: BM yetkilileri, ABD\u2019ye m\u00fcltecileri koruma ve s\u0131\u011f\u0131nmac\u0131lara usul\u00fcne uygun i\u015flem sa\u011flama y\u00fck\u00fcml\u00fcl\u00fcklerini hat\u0131rlatt\u0131. BM a\u00e7\u0131klamalar\u0131n\u0131n ABD mahkemelerinde yasal bir a\u011f\u0131rl\u0131\u011f\u0131 olmasa da, ahlaki bir bask\u0131 olu\u015fturur. Sonucu tahmin etmek zor, \u00f6zellikle Y\u00fcksek Mahkeme\u2019nin mevcut muhafazak\u00e2r \u00e7o\u011funlu\u011fu g\u00f6z \u00f6n\u00fcnde bulunduruldu\u011funda.  <br><br><br>Ama bir \u015fey kesin: <strong>yasak m\u00fccadele edilmeden kalmayacak<\/strong>. Dava s\u00fcre\u00e7leri en az\u0131ndan baz\u0131 istisnalar yaratabilir (\u00f6rne\u011fin, ABD vatanda\u015flar\u0131n\u0131n akrabalar\u0131 i\u00e7in) veya politikan\u0131n <strong>g\u00f6zden ge\u00e7irilmesini<\/strong> zorlayabilir. Ve gelecekte yeni bir y\u00f6netim g\u00f6reve gelirse, Ba\u015fkan Biden\u2019in g\u00f6revdeki ilk g\u00fcn\u00fcnde \u00f6nceki Trump seyahat yasaklar\u0131n\u0131 iptal etmesi gibi, yasak<a href=\"https:\/\/www.usgreencardoffice.com\/blog\/travel-ban-doesnt-affect-green-card-holders\">h\u0131zla kald\u0131r\u0131labilir.Ba\u015fkan Biden, \u00f6nceki Trump seyahat yasaklar\u0131n\u0131 iptal etti<\/a>. K\u0131sacas\u0131, bu yasak siyasi ve hukuki a\u00e7\u0131dan tart\u0131\u015fmal\u0131d\u0131r ve \u00f6n\u00fcm\u00fczdeki aylar ve y\u0131llarda <em>tersine \u00e7evrilmesi veya hafifletilmesi<\/em> i\u00e7in birden fazla yol bulunmaktad\u0131r.   <br><br><br><strong>Diversity Vizesi Program\u0131 i\u00e7in bunun anlam\u0131 ne<\/strong><\/p>\n\n\n\n<p><br>Okuyucular\u0131m\u0131z i\u00e7in en \u00f6nemli nokta<\/p>\n\n\n\n<h2 class=\"wp-block-heading\" id=\"the-19-country-ban-does-not-change-the-basic-rules-of-the-diversity-visa-program\"><br><strong>19 \u00fclkeye getirilen yasak, \u00c7e\u015fitlilik Vizesi Program\u0131\u2019n\u0131n temel kurallar\u0131n\u0131 de\u011fi\u015ftirmez.<\/strong><br><\/h2>\n\n\n\n<p>\u00c7e\u015fitlilik Vizesi Program\u0131, Kongre taraf\u0131ndan olu\u015fturulmu\u015ftur ve kendine ait uygun \u00fclkeler listesine sahiptir. Bir \u00fclke, son y\u0131llarda Amerika Birle\u015fik Devletleri\u2019ne nispeten az g\u00f6\u00e7men g\u00f6ndermi\u015fse uygun olabilir. Yasaklanm\u0131\u015f 19 \u00fclkenin \u00e7o\u011fu, g\u00f6\u00e7men istatistiklerinde yeterince temsil edilmedikleri i\u00e7in h\u00e2l\u00e2 \u00c7e\u015fitlilik Vizesi uygunluk listesinde yer almaktad\u0131r.  <\/p>\n\n\n\n<p><br>Yani, e\u011fer yeni yasak listesinde yer alan ve \u00c7e\u015fitlilik Vizesi\u2019ne uygun bir \u00fclkede do\u011fduysan\u0131z, h\u00e2l\u00e2 \u00c7e\u015fitlilik Vizesi Program\u0131\u2019na ba\u015fvuru yapabilirsiniz. Yasa\u011f\u0131, y\u0131ll\u0131k se\u00e7ime kat\u0131lman\u0131z\u0131 engellemez ve se\u00e7ilme \u015fans\u0131n\u0131z\u0131 ortadan kald\u0131rmaz. <\/p>\n\n\n\n<p><br>Etkilenebilecek olan, m\u00fclakat\u0131n\u0131z s\u0131ras\u0131nda yasak h\u00e2l\u00e2 y\u00fcr\u00fcrl\u00fckteyse nihai vize verilmesidir. Ancak, zaman \u00e7izelgesini hat\u0131rlamak \u00e7ok \u00f6nemlidir. <br><\/p>\n\n\n\n<div style=\"font-family: 'Lato', sans-serif; font-size: 17px; line-height: 28px; color: #333333;\">\n  <ul style=\"padding-left: 20px; margin-top: 10px;\">\n    <li style=\"margin-bottom: 10px;\">Diversity Visa ba\u015fvurunuzu bir y\u0131l i\u00e7inde yapars\u0131n\u0131z.<\/li>\n    <li style=\"margin-bottom: 10px;\">Sonu\u00e7lar genellikle bir sonraki y\u0131l a\u00e7\u0131klan\u0131r.<\/li>\n    <li style=\"margin-bottom: 10px;\">M\u00fclakatlar ve vize kararlar\u0131, bundan sonra aylarca sonra planlanabilir.<\/li>\n  <\/ul>\n<\/div>\n\n\n\n<p><br>Uygulamada, ba\u015fvurunuzu sundu\u011funuz andan vize m\u00fclakat\u0131na \u00e7a\u011fr\u0131labilece\u011finiz ana kadar genellikle yakla\u015f\u0131k 12 ila 16 ay veya daha uzun bir s\u00fcre ge\u00e7er. Bu, politika ve hukuk a\u00e7\u0131s\u0131ndan uzun bir d\u00f6nemdir. Bu s\u00fcre zarf\u0131nda, yasak mahkemeler taraf\u0131ndan hafifletilebilir, s\u0131n\u0131rlanabilir, Kongre taraf\u0131ndan de\u011fi\u015ftirilebilir veya g\u00f6revdeki Ba\u015fkan ya da yeni bir Ba\u015fkan taraf\u0131ndan iptal edilebilir.  <br><\/p>\n\n\n\n<p><br>Ge\u00e7mi\u015fte, h\u00fck\u00fcmetleri i\u015f birli\u011fini art\u0131rd\u0131\u011f\u0131nda veya politikalar de\u011fi\u015fti\u011finde, \u00fclkelerin \u00f6nceki seyahat yasa\u011f\u0131 listelerinden \u00e7\u0131kar\u0131ld\u0131\u011f\u0131n\u0131 zaten g\u00f6rd\u00fck. Mevcut listenin de gelecekte incelenece\u011fine dair her t\u00fcrl\u00fc gerek\u00e7e vard\u0131r. <\/p>\n\n\n\n<p><br>Bunun nedeniyle, bizim net tavsiyemiz \u015fudur<\/p>\n\n\n\n<p><br><strong>E\u011fer do\u011fdu\u011funuz \u00fclke \u00c7e\u015fitlilik Vizesi Program\u0131\u2019na uygunsa, \u00fclkeniz \u015fu anda 19 \u00fclkelik yasak listesinde olsa bile yine de ba\u015fvurmal\u0131s\u0131n\u0131z.<\/strong><\/p>\n\n\n\n<p><br><strong>\u015eimdi h\u00e2l\u00e2 ba\u015fvurman\u0131z gerekti\u011fi ve US Green Card Office\u2019i kullanman\u0131n neden mant\u0131kl\u0131 oldu\u011fu<\/strong><\/p>\n\n\n\n<p><br>\u00c7e\u015fitlilik Vizesi Program\u0131, Amerika Birle\u015fik Devletleri Ye\u015fil Kart\u0131\u2019na ula\u015fman\u0131n en adil ve eri\u015filebilir yollar\u0131ndan biri olmaya devam etmektedir. Program, aile sponsorlu\u011funa veya i\u015f teklifine ba\u011fl\u0131 de\u011fildir. Zengin olman\u0131z\u0131 gerektirmez. Farkl\u0131 \u00fclkelerden insanlara kal\u0131c\u0131 oturma hakk\u0131 kazanma konusunda ger\u00e7ek bir \u015fans tan\u0131yarak \u00e7e\u015fitlili\u011fi art\u0131rmak amac\u0131yla tasarlanm\u0131\u015ft\u0131r.   <\/p>\n\n\n\n<p><br>Ancak kurallar kat\u0131d\u0131r. \u00c7evrimi\u00e7i form do\u011fru \u015fekilde doldurulmal\u0131, foto\u011fraf detayl\u0131 teknik gerekliliklere uygun olmal\u0131 ve en k\u00fc\u00e7\u00fck hatalar bile herhangi bir itiraz olmaks\u0131z\u0131n diskalifiye ile sonu\u00e7lanabilir. Her y\u0131l bir\u00e7ok ki\u015fi, yaln\u0131zca foto\u011fraflar, isimler, tarihler, pasaport bilgileri veya talimatlar\u0131n yanl\u0131\u015f anla\u015f\u0131lmas\u0131 nedeniyle reddedilmektedir.  <\/p>\n\n\n\n<p><br>Buras\u0131<a href=\"https:\/\/www.usgreencardoffice.com\/tr\">, <strong>ABD Ye\u015fil Kart Ofisi\u2019ndeki<\/strong><\/a> \u00fccretli profesyonel hizmetimizin \u00e7ok b\u00fcy\u00fck bir fark yaratt\u0131\u011f\u0131 yerdir.<br><\/p>\n\n\n\n<div style=\"font-family: 'Lato', sans-serif; font-size: 17px; line-height: 28px; color: #333333;\">\n  <ul style=\"padding-left: 20px; margin-top: 10px;\">\n    <li style=\"margin-bottom: 10px;\">Foto\u011fraflar\u0131n\u0131z\u0131 ve belgelerinizi dikkatle inceliyoruz ve Amerika Birle\u015fik Devletleri H\u00fck\u00fbmeti standartlar\u0131na uygun, do\u011fru ve uyumlu foto\u011fraflar\u0131 g\u00f6ndermenize yard\u0131mc\u0131 oluyoruz.<\/li>\n    <li style=\"margin-bottom: 10px;\">Ba\u015fvurunuzun pasaportunuz ve di\u011fer belgelerinizle uyumlu oldu\u011funu do\u011frulamak i\u00e7in ki\u015fisel bilgilerinizi kontrol ediyoruz; bu, diskalifiye olma riskini azalt\u0131r.<\/li>\n    <li style=\"margin-bottom: 10px;\">Ba\u015fvurunuzu sistemimizde sakl\u0131yoruz ve se\u00e7ilen plana g\u00f6re gelecekteki y\u0131llarda tekrar g\u00f6nderebiliyoruz, b\u00f6ylece bir son tarihi unutman\u0131z nedeniyle f\u0131rsatlar\u0131 ka\u00e7\u0131rmazs\u0131n\u0131z.<\/li>\n    <li style=\"margin-bottom: 10px;\">S\u00fcre\u00e7 boyunca size ad\u0131m ad\u0131m rehberlik ediyor ve her zaman bir sonraki ad\u0131mda ne yapman\u0131z gerekti\u011fini bilmeniz i\u00e7in birden fazla dilde destek sa\u011fl\u0131yoruz.<\/li>\n  <\/ul>\n<\/div>\n\n\n\n<p><br>Hem yeni ba\u015fvuru sahipleri hem de hizmetimiz arac\u0131l\u0131\u011f\u0131yla zaten ba\u015fvuru yapm\u0131\u015f olanlar i\u00e7in, do\u011fum yapt\u0131\u011f\u0131n\u0131z \u00fclke 19 \u00fclkelik yasak listesinde olsa endi\u015felenmenize gerek yoktur. US Green Card Office arac\u0131l\u0131\u011f\u0131yla ba\u015fvurdu\u011funuzda, \u00fclkeniz yasakl\u0131 oldu\u011fu s\u00fcrece \u00c7e\u015fitlilik Vizesi Ba\u015fvurunuz \u00f6m\u00fcr boyu ge\u00e7erlili\u011fini korur. Vize m\u00fclakatlar\u0131n\u0131n planlanamad\u0131\u011f\u0131 d\u00f6nemlerde bile, ba\u015fvurunuz her y\u0131l ek bir \u00fccret \u00f6demeden otomatik olarak yeniden g\u00f6nderilecektir. E\u011fer bir yasak belirli bir y\u0131lda m\u00fclakat yap\u0131lmas\u0131n\u0131 engellerse, ba\u015fvurunuz bir sonraki y\u0131l \u00fccretsiz olarak tekrar sunulacakt\u0131r. Bu, Amerika Birle\u015fik Devletleri Ye\u015fil Kart\u0131 alma f\u0131rsat\u0131n\u0131z\u0131n kesintisiz devam etmesini sa\u011flar ve do\u011fum yapt\u0131\u011f\u0131n\u0131z \u00fclke yasakl\u0131 listeden \u00e7\u0131kar\u0131ld\u0131\u011f\u0131nda tamamen haz\u0131r olman\u0131z\u0131 garanti eder.    <\/p>\n\n\n\n<p><br>ABD Ye\u015fil Kart Ofisi arac\u0131l\u0131\u011f\u0131yla ba\u015fvurarak, yaln\u0131zca bir form doldurmakla kalm\u0131yor, ayn\u0131 zamanda g\u00f6\u00e7menlik gelece\u011finiz i\u00e7in uzun vadeli, yap\u0131land\u0131r\u0131lm\u0131\u015f bir stratejiye yat\u0131r\u0131m yapm\u0131\u015f oluyorsunuz.<\/p>\n\n\n\n<h2 class=\"wp-block-heading\" id=\"conclusion\"><br><strong>Sonu\u00e7<\/strong><\/h2>\n\n\n\n<p><br>Yeni 19 \u00fclke g\u00f6\u00e7 yasa\u011f\u0131 endi\u015fe verici ve bizim g\u00f6r\u00fc\u015f\u00fcm\u00fcze g\u00f6re adaletsizdir. Bireyleri dikkatlice de\u011ferlendirmek yerine t\u00fcm n\u00fcfuslar\u0131 hedef al\u0131r, aileleri ay\u0131r\u0131r, \u00f6\u011frencileri ve \u00e7al\u0131\u015fanlar\u0131 etkiler ve Amerika&#8217;n\u0131n neyi temsil etti\u011fi konusunda yanl\u0131\u015f bir mesaj g\u00f6nderir. Ayn\u0131 zamanda, siyasi kararlar ve yasal itirazlar yoluyla de\u011fi\u015ftirilebilecek bir politikad\u0131r.  <\/p>\n\n\n\n<p><br>\u00c7e\u015fitlilik Vizesi Program\u0131, uygunluk listesinde yer alan bu \u00fclkelerin \u00e7o\u011fundan gelen insanlar i\u00e7in a\u00e7\u0131k olmaya devam etmektedir. Bug\u00fcn yasakl\u0131 bir \u00fclkeden gelmeniz, sonsuza kadar engellenece\u011finiz anlam\u0131na gelmez. Giri\u015ften vize m\u00fclakat\u0131na kadar 12 ila 16 ay ve sonras\u0131nda s\u00fcrebilecek s\u00fcre\u00e7 boyunca, siyasi durum sizin lehinize de\u011fi\u015febilir.  <\/p>\n\n\n\n<p><br>Bu nedenle g\u00fc\u00e7l\u00fc tavsiyemiz basittir.<br><\/p>\n\n\n\n<div style=\"font-family: 'Lato', sans-serif; font-size: 17px; line-height: 28px; color: #333333;\">\n  <ul style=\"padding-left: 20px; margin-top: 10px;\">\n    <li style=\"margin-bottom: 10px;\">Kongre, bir Ba\u015fkan\u2019\u0131n bu t\u00fcr yasaklarla ne kadar ileri gidebilece\u011fini s\u0131n\u0131rlayan veya bu \u00f6zel politikay\u0131 iptal eden yeni bir yasa \u00e7\u0131karabilir. Bunun ba\u015far\u0131l\u0131 olmas\u0131 i\u00e7in Temsilciler Meclisi ve Senato\u2019da \u00e7o\u011funlu\u011fun anla\u015fmas\u0131 gerekir ve normalde Ba\u015fkan yasan\u0131n imzas\u0131n\u0131 atmal\u0131d\u0131r. Ba\u015fkan yasay\u0131 imzalamay\u0131 reddederse, veto karar\u0131n\u0131 a\u015fmak i\u00e7in Kongre\u2019nin hem Temsilciler Meclisi hem de Senato\u2019da \u00fc\u00e7te iki \u00e7o\u011funlu\u011fa ihtiyac\u0131 olacakt\u0131r.  <\/li>\n    <li style=\"margin-bottom: 10px;\">Mahkemeler, bir yasa\u011f\u0131n Anayasa\u2019y\u0131 ihlal edecek \u015fekilde uygulan\u0131p uygulanmad\u0131\u011f\u0131n\u0131 veya di\u011fer g\u00f6\u00e7menlik yasalar\u0131yla \u00e7eli\u015fip \u00e7eli\u015fmedi\u011fini inceleyebilir. \u00d6nceki seyahat yasaklar\u0131 mahkemede bir\u00e7ok kez dava konusu olmu\u015ftur. Baz\u0131 erken s\u00fcr\u00fcmler engellenmi\u015f, sonraki s\u00fcr\u00fcmler s\u0131n\u0131rland\u0131r\u0131lm\u0131\u015f ve bir s\u00fcr\u00fcm onaylanm\u0131\u015ft\u0131r. Bu yeni 19 \u00fclke yasa\u011f\u0131n\u0131n da muhtemelen hukuki itirazlarla kar\u015f\u0131la\u015fmas\u0131 olas\u0131d\u0131r; ancak son yarg\u0131sal geli\u015fmeler, ihtiyati tedbirlerin kapsam\u0131n\u0131 ve mahkemelerin bu t\u00fcr eylemleri ne kadar geni\u015f \u015fekilde engelleyebilece\u011fini daraltabilir.   <\/li>\n    <li style=\"margin-bottom: 10px;\">Yasak, g\u00f6revdeki Cumhurba\u015fkan\u0131 veya yeni bir Cumhurba\u015fkan\u0131 taraf\u0131ndan iptal edilebilir. G\u00f6\u00e7menli\u011fe daha ho\u015fg\u00f6r\u00fcl\u00fc bir yakla\u015f\u0131m benimseyen gelecekteki bir y\u00f6netim, k\u0131s\u0131tlamalar\u0131 kald\u0131ran veya azaltan yeni bir karar \u00e7\u0131karabilir. <\/li>\n  <\/ul>\n<\/div>\n\n\n\n<p><br>Amerika h\u00e2l\u00e2 d\u00fcnyan\u0131n her yerinden gelen g\u00f6\u00e7menlerin enerjisine, becerilerine ve hayallerine ihtiya\u00e7 duyuyor. Biz g\u00fcvenli bir Amerika Birle\u015fik Devletleri i\u00e7in duruyoruz, fakat ayn\u0131 zamanda a\u00e7\u0131k ve \u00e7e\u015fitli bir Amerika Birle\u015fik Devletleri i\u00e7in de duruyoruz. Diversity Visa Program\u0131 var oldu\u011fu s\u00fcrece, hayaliniz canl\u0131d\u0131r ve biz her ad\u0131mda size yard\u0131mc\u0131 olmak i\u00e7in buraday\u0131z.  <br><br><br><br><br><\/p>\n\n\n<div class=\"wp-block-image\">\n<figure class=\"aligncenter size-full\"><a href=\"https:\/\/www.usgreencardoffice.com\/tr\/apply\"><img decoding=\"async\" width=\"728\" height=\"90\" src=\"https:\/\/www.usgreencardoffice.com\/blog\/wp-content\/uploads\/2022\/06\/acf3c043.gif\" alt=\"\" class=\"wp-image-4094\"\/><\/a><\/figure>\n<\/div>\n\n\n<p><br><br><br><br><\/p>\n\n\n\n<h2 style=\"text-align:center; font-family:'Helvetica Neue', Helvetica, Arial, sans-serif; font-size:32px; font-weight:500; line-height:38px; color:#212529; margin-bottom: 30px;\">\n S\u0131k\u00e7a Sorulan Sorular\n<\/h2>\n\n<div style=\"width:90%; max-width:800px; margin:auto; background-color:#ffffff; border-radius:8px; box-shadow:0 4px 10px rgba(0,0,0,0.1); padding:20px;\">\n\n  <details style=\"margin-bottom:15px; border-radius:6px; overflow:hidden;\">\n    <summary style=\"cursor:pointer; background-color:#0056a0; color:#ffffff; padding:15px 20px; font-size:16px; font-weight:500;\">\n Trump 19 \u00dclke G\u00f6\u00e7menlik Yasa\u011f\u0131 Nedir?\n    <\/summary>\n    <div style=\"background-color:#e9f0fa; padding:15px 20px; font-size:15px; line-height:22px; color:#212529; border-left:4px solid #0056a0;\">\n Trump Y\u00f6netimi taraf\u0131ndan a\u00e7\u0131klanan Trump 19 \u00dclke G\u00f6\u00e7 Yasa\u011f\u0131, 19 \u00fclkeden g\u00f6\u00e7\u00fc k\u0131s\u0131tlayan bir politikad\u0131r. Yasa\u011f\u0131n uygulanma nedeni, ter\u00f6rizm, su\u00e7 ve y\u00fcksek vize s\u00fcre a\u015f\u0131mlar\u0131yla ilgili ulusal g\u00fcvenlik endi\u015felerini i\u00e7ermektedir. Bu, s\u00f6z konusu \u00fclkelerden gelen \u00e7o\u011fu g\u00f6\u00e7men ve vize ba\u015fvurusunun Amerika Birle\u015fik Devletleri\u2019ne giri\u015fte ciddi k\u0131s\u0131tlamalarla kar\u015f\u0131la\u015ft\u0131\u011f\u0131 anlam\u0131na gelmektedir.  \n    <\/div>\n  <\/details>\n\n  <details style=\"margin-bottom:15px; border-radius:6px; overflow:hidden;\">\n    <summary style=\"cursor:pointer; background-color:#0056a0; color:#ffffff; padding:15px 20px; font-size:16px; font-weight:500;\">\n Yasaktan hangi \u00fclkeler etkileniyor?\n    <\/summary>\n    <div style=\"background-color:#e9f0fa; padding:15px 20px; font-size:15px; line-height:22px; color:#212529; border-left:4px solid #0056a0;\">\n Yasaktan etkilenen 19 \u00fclke aras\u0131nda Afganistan, Myanmar, \u00c7ad, Kongo Cumhuriyeti, Ekvator Ginesi, Eritre, Haiti, \u0130ran, Libya, Somali, Sudan, Yemen, Burundi, K\u00fcba, Laos, Sierra Leone, Togo, T\u00fcrkmenistan ve Venezuela bulunmaktad\u0131r.\n    <\/div>\n  <\/details>\n\n  <details style=\"margin-bottom:15px; border-radius:6px; overflow:hidden;\">\n    <summary style=\"cursor:pointer; background-color:#0056a0; color:#ffffff; padding:15px 20px; font-size:16px; font-weight:500;\">\n 19 \u00dclke Yasa\u011f\u0131 \u00c7e\u015fitlilik Vizesi Program\u0131n\u0131 Etkiliyor Mu?\n    <\/summary>\n    <div style=\"background-color:#e9f0fa; padding:15px 20px; font-size:15px; line-height:22px; color:#212529; border-left:4px solid #0056a0;\">\n 19 \u00fclkeye uygulanan g\u00f6\u00e7 yasa\u011f\u0131, \u00c7e\u015fitlilik Vizesi Program\u0131\u2019na (DV Piyangosu) ba\u015fvurma uygunlu\u011funuzu etkilemez. E\u011fer \u00c7e\u015fitlilik Vizesi Program\u0131\u2019na uygun bir \u00fclkede do\u011fduysan\u0131z, \u00fclkeniz yasak listesinde olsa bile ba\u015fvuruda bulunabilirsiniz. Ancak, m\u00fclakat i\u00e7in se\u00e7ildi\u011finizde yasak h\u00e2l\u00e2 y\u00fcr\u00fcrl\u00fckteyse, bu durum nihai vize verilmesini etkileyebilir.  \n    <\/div>\n  <\/details>\n\n  <details style=\"margin-bottom:15px; border-radius:6px; overflow:hidden;\">\n    <summary style=\"cursor:pointer; background-color:#0056a0; color:#ffffff; padding:15px 20px; font-size:16px; font-weight:500;\">\n Yasakl\u0131 bir \u00fclkeden geliyorsam h\u00e2l\u00e2 \u00c7e\u015fitlilik Vizesi Program\u0131na ba\u015fvurabilir miyim?\n    <\/summary>\n    <div style=\"background-color:#e9f0fa; padding:15px 20px; font-size:15px; line-height:22px; color:#212529; border-left:4px solid #0056a0;\">\n Evet, yasakl\u0131 bir \u00fclkeden olsan\u0131z bile Diversity Visa Program\u0131\u2019na ba\u015fvurabilirsiniz. Yasak yaln\u0131zca vize verilmesini etkiler ve Diversity Visa Program\u0131 i\u00e7in ba\u015fvuru s\u00fcreci a\u00e7\u0131k kal\u0131r. Yasak, vize g\u00f6r\u00fc\u015fmenizin zamanlamas\u0131n\u0131 etkileyebilir, ancak ba\u015fvurman\u0131z\u0131 yapman\u0131z\u0131 veya \u00e7ekili\u015fte se\u00e7ilmenizi engellemez.  \n    <\/div>\n  <\/details>\n\n  <details style=\"margin-bottom:15px; border-radius:6px; overflow:hidden;\">\n    <summary style=\"cursor:pointer; background-color:#0056a0; color:#ffffff; padding:15px 20px; font-size:16px; font-weight:500;\">\n Diversity Visa Piyangosunu kazand\u0131\u011f\u0131mda, \u00fclkem 19 \u00fclkelik yasak listesinde olursa ne olur?\n    <\/summary>\n    <div style=\"background-color:#e9f0fa; padding:15px 20px; font-size:15px; line-height:22px; color:#212529; border-left:4px solid #0056a0;\">\n E\u011fer \u00fclkeniz Diversity Visa (\u00c7e\u015fitlilik Vizesi) Piyangosu\u2019nu kazand\u0131\u011f\u0131n\u0131zda 19 \u00fclkelik yasak listesinde yer al\u0131yorsa, bu vizenizin verilme s\u00fcrecini geciktirebilir. Ancak, ba\u015fvuru ile vize g\u00f6r\u00fc\u015fmesine kat\u0131lma aras\u0131ndaki 12 ila 16 ayl\u0131k s\u00fcre i\u00e7inde siyasi ve hukuki durum de\u011fi\u015febilir. Bu s\u00fcre zarf\u0131nda yasa\u011f\u0131n kald\u0131r\u0131lmas\u0131, de\u011fi\u015ftirilmesi veya mahkemede itiraz edilmesi m\u00fcmk\u00fcn olabilir ve bu da ba\u015fvurunuza devam etmenize olanak sa\u011flayabilir.  \n    <\/div>\n  <\/details>\n\n  <details style=\"margin-bottom:15px; border-radius:6px; overflow:hidden;\">\n    <summary style=\"cursor:pointer; background-color:#0056a0; color:#ffffff; padding:15px 20px; font-size:16px; font-weight:500;\">\n \u00dclkem 19 \u00fclke yasak listesinde ise ne yapmal\u0131y\u0131m?\n    <\/summary>\n    <div style=\"background-color:#e9f0fa; padding:15px 20px; font-size:15px; line-height:22px; color:#212529; border-left:4px solid #0056a0;\">\n \u00dclkeniz yasak listesinde olsa bile, Diversity Visa Program\u0131\u2019na ba\u015fvurmal\u0131s\u0131n\u0131z. Yasak g\u00f6r\u00fc\u015fmenizi etkileyebilse de, durumun zamanla de\u011fi\u015fme olas\u0131l\u0131\u011f\u0131 vard\u0131r. Ba\u015fvurarak, yasak kald\u0131r\u0131l\u0131r veya de\u011fi\u015ftirilirse f\u0131rsat\u0131 ka\u00e7\u0131rmam\u0131\u015f olursunuz.  \n    <\/div>\n  <\/details>\n\n  <details style=\"margin-bottom:15px; border-radius:6px; overflow:hidden;\">\n    <summary style=\"cursor:pointer; background-color:#0056a0; color:#ffffff; padding:15px 20px; font-size:16px; font-weight:500;\">\n 19 \u00fclke i\u00e7in getirilen g\u00f6\u00e7menlik yasa\u011f\u0131 de\u011fi\u015ftirilebilir mi veya kald\u0131r\u0131labilir mi?\n    <\/summary>\n    <div style=\"background-color:#e9f0fa; padding:15px 20px; font-size:15px; line-height:22px; color:#212529; border-left:4px solid #0056a0;\">\n Evet, 19 \u00fclke i\u00e7in uygulanan g\u00f6\u00e7menlik yasa\u011f\u0131, yasal itirazlar, Kongre karar\u0131 veya gelecekteki bir ba\u015fkanl\u0131k emri ile de\u011fi\u015ftirilebilir veya kald\u0131r\u0131labilir. E\u011fer gelecekteki bir y\u00f6netim veya Kongre yasa\u011f\u0131 kald\u0131rmaya veya de\u011fi\u015ftirmeye karar verirse, bu \u00fclkelerden gelen bireylerin vize ba\u015fvuru s\u00fcrecine devam etmelerine izin verilebilir. \n    <\/div>\n  <\/details>\n\n  <details style=\"margin-bottom:15px; border-radius:6px; overflow:hidden;\">\n    <summary style=\"cursor:pointer; background-color:#0056a0; color:#ffffff; padding:15px 20px; font-size:16px; font-weight:500;\">\n 19 \u00fclke i\u00e7in uygulanan g\u00f6\u00e7menlik yasa\u011f\u0131 ne kadar s\u00fcrecek?\n    <\/summary>\n    <div style=\"background-color:#e9f0fa; padding:15px 20px; font-size:15px; line-height:22px; color:#212529; border-left:4px solid #0056a0;\">\n 19 \u00fclkeyi kapsayan g\u00f6\u00e7 yasa\u011f\u0131n\u0131n ne kadar s\u00fcrece\u011fi belirsizdir. Yasa\u011fa siyasi, hukuki ve diplomatik de\u011fi\u015fiklikler konu olabilir. Mahkemelerdeki hukuki itirazlar ve yasama organ\u0131ndan gelen siyasi bask\u0131lar, yasa\u011f\u0131n kald\u0131r\u0131lmas\u0131na veya de\u011fi\u015ftirilmesine yol a\u00e7abilir. Durum \u00f6n\u00fcm\u00fczdeki aylarda ve y\u0131llarda de\u011fi\u015febilir.   \n    <\/div>\n  <\/details>\n\n<\/div>\n\n<!-- FAQ Schema Markup -->\n<script type=\"application\/ld+json\">\n{\n  \"@context\": \"https:\/\/schema.org\",\n  \"@type\": \"FAQPage\",\n  \"mainEntity\": [\n    {\n      \"@type\": \"Question\",\n      \"name\": \"What is the Trump 19 Country Immigration Ban?\",\n      \"acceptedAnswer\": {\n        \"@type\": \"Answer\",\n        \"text\": \"The Trump 19 Country Immigration Ban is a policy announced by the Trump administration that restricts immigration from 19 countries. The ban was put in place for reasons related to national security, including concerns over terrorism, crime, and high visa overstays. This means that most immigrants and visa applicants from these countries face severe restrictions in entering the United States.\"\n      }\n    },\n    {\n      \"@type\": \"Question\",\n      \"name\": \"Which countries are affected by the ban?\",\n      \"acceptedAnswer\": {\n        \"@type\": \"Answer\",\n        \"text\": \"The 19 countries affected by the ban include Afghanistan, Myanmar, Chad, Republic of the Congo, Equatorial Guinea, Eritrea, Haiti, Iran, Libya, Somalia, Sudan, Yemen, Burundi, Cuba, Laos, Sierra Leone, Togo, Turkmenistan, and Venezuela.\"\n      }\n    },\n    {\n      \"@type\": \"Question\",\n      \"name\": \"Does the 19 Country Ban affect the Diversity Visa Program?\",\n      \"acceptedAnswer\": {\n        \"@type\": \"Answer\",\n        \"text\": \"The 19-country immigration ban does not affect your eligibility to apply for the Diversity Visa Program (DV Lottery). If you are born in a country that is eligible for the Diversity Visa Program, you can still apply, even if your country is on the ban list. However, if the ban is still in place when you are selected for an interview, it may affect the final visa issuance.\"\n      }\n    },\n    {\n      \"@type\": \"Question\",\n      \"name\": \"Can I still apply for the Diversity Visa Program if I am from a banned country?\",\n      \"acceptedAnswer\": {\n        \"@type\": \"Answer\",\n        \"text\": \"Yes, you can still apply for the Diversity Visa Program if you are from a banned country. The ban only affects visa issuance, and the application process for the Diversity Visa Program remains open. The ban may impact the timeline of your visa interview, but it does not prevent you from applying or being selected in the lottery.\"\n      }\n    },\n    {\n      \"@type\": \"Question\",\n      \"name\": \"What happens if my country is on the 19-country ban list when I win the Diversity Visa Lottery?\",\n      \"acceptedAnswer\": {\n        \"@type\": \"Answer\",\n        \"text\": \"If your country is on the 19-country ban list when you win the Diversity Visa Lottery, it may delay the process of issuing your visa. However, the political and legal landscape can change during the 12 to 16 months between applying and attending the visa interview. The ban may be lifted, modified, or challenged in court during that time, potentially allowing you to proceed with your application.\"\n      }\n    },\n    {\n      \"@type\": \"Question\",\n      \"name\": \"What should I do if my country is on the 19-country ban list?\",\n      \"acceptedAnswer\": {\n        \"@type\": \"Answer\",\n        \"text\": \"If your country is on the ban list, you should still apply for the Diversity Visa Program. Even though the ban may affect your interview, there is a possibility that the situation will change over time. By applying, you ensure you don\u2019t miss out on the opportunity if the ban is lifted or modified.\"\n      }\n    },\n    {\n      \"@type\": \"Question\",\n      \"name\": \"Can the 19-country immigration ban be changed or lifted?\",\n      \"acceptedAnswer\": {\n        \"@type\": \"Answer\",\n        \"text\": \"Yes, the 19-country immigration ban can be changed or lifted through legal challenges, Congressional action, or a future presidential order. If a future administration or Congress decides to remove the ban or modify it, individuals from these countries could be allowed to continue their visa application process.\"\n      }\n    },\n    {\n      \"@type\": \"Question\",\n      \"name\": \"How long will the 19-country immigration ban last?\",\n      \"acceptedAnswer\": {\n        \"@type\": \"Answer\",\n        \"text\": \"It is unclear how long the 19-country immigration ban will last. The ban is subject to political, legal, and diplomatic changes. Legal challenges in court and political pressures from lawmakers could result in the ban being overturned or modified. The situation may evolve in the coming months and years.\"\n      }\n    }\n  ]\n}\n<\/script>\n\n\n\n<p><br><br><br><br><\/p>\n","protected":false},"excerpt":{"rendered":"<p>\u00d6NEML\u0130 G\u00dcNCELLEME 16th ARALIK 2025 Bu makale yay\u0131mland\u0131\u011f\u0131ndan beri, ABD h\u00fck\u00fcmeti seyahat k\u0131s\u0131tlamalar\u0131n\u0131 geni\u015fletti ve etkilenen \u00fclke say\u0131s\u0131n\u0131 19\u2019dan 39\u2019a \u00e7\u0131kard\u0131; de\u011fi\u015fikliklerin Ocak 2026\u2019da y\u00fcr\u00fcrl\u00fc\u011fe girmesi planlan\u0131yor. G\u00fcncellenen politika, ilgili \u00fclkeye ba\u011fl\u0131 olarak tam seyahat yasaklar\u0131 ve k\u0131smi vize k\u0131s\u0131tlamalar\u0131 getirmektedir. Tam seyahat yasa\u011f\u0131 uygulanan \u00fclkeler Afganistan, Burkina Faso, \u00c7ad, Kongo Cumhuriyeti, Ekvator Ginesi, Eritre, [&hellip;]<\/p>\n","protected":false},"author":11,"featured_media":14060,"comment_status":"closed","ping_status":"closed","sticky":false,"template":"","format":"standard","meta":{"footnotes":""},"categories":[95],"tags":[],"class_list":["post-14065","post","type-post","status-publish","format-standard","has-post-thumbnail","hentry","category-about-the-usa-tr"],"_links":{"self":[{"href":"https:\/\/www.usgreencardoffice.com\/blog\/tr\/wp-json\/wp\/v2\/posts\/14065","targetHints":{"allow":["GET"]}}],"collection":[{"href":"https:\/\/www.usgreencardoffice.com\/blog\/tr\/wp-json\/wp\/v2\/posts"}],"about":[{"href":"https:\/\/www.usgreencardoffice.com\/blog\/tr\/wp-json\/wp\/v2\/types\/post"}],"author":[{"embeddable":true,"href":"https:\/\/www.usgreencardoffice.com\/blog\/tr\/wp-json\/wp\/v2\/users\/11"}],"replies":[{"embeddable":true,"href":"https:\/\/www.usgreencardoffice.com\/blog\/tr\/wp-json\/wp\/v2\/comments?post=14065"}],"version-history":[{"count":8,"href":"https:\/\/www.usgreencardoffice.com\/blog\/tr\/wp-json\/wp\/v2\/posts\/14065\/revisions"}],"predecessor-version":[{"id":14190,"href":"https:\/\/www.usgreencardoffice.com\/blog\/tr\/wp-json\/wp\/v2\/posts\/14065\/revisions\/14190"}],"wp:featuredmedia":[{"embeddable":true,"href":"https:\/\/www.usgreencardoffice.com\/blog\/tr\/wp-json\/wp\/v2\/media\/14060"}],"wp:attachment":[{"href":"https:\/\/www.usgreencardoffice.com\/blog\/tr\/wp-json\/wp\/v2\/media?parent=14065"}],"wp:term":[{"taxonomy":"category","embeddable":true,"href":"https:\/\/www.usgreencardoffice.com\/blog\/tr\/wp-json\/wp\/v2\/categories?post=14065"},{"taxonomy":"post_tag","embeddable":true,"href":"https:\/\/www.usgreencardoffice.com\/blog\/tr\/wp-json\/wp\/v2\/tags?post=14065"}],"curies":[{"name":"wp","href":"https:\/\/api.w.org\/{rel}","templated":true}]}}