{"id":7322,"date":"2025-06-05T08:22:46","date_gmt":"2025-06-05T07:22:46","guid":{"rendered":"https:\/\/www.usgreencardoffice.com\/blog?p=7322"},"modified":"2025-06-30T07:11:17","modified_gmt":"2025-06-30T06:11:17","slug":"trump-resestopp-mangfaldsvisum","status":"publish","type":"post","link":"https:\/\/www.usgreencardoffice.com\/blog\/sv\/trump-resestopp-mangfaldsvisum","title":{"rendered":"Trumps program f\u00f6r resef\u00f6rbud mot m\u00e5ngfaldsvisum 2025"},"content":{"rendered":"\n<h2 class=\"wp-block-heading has-text-align-center\" id=\"understanding-trumps-new-travel-ban-and-its-impact-on-the-diversity-visa-program\">Att f\u00f6rst\u00e5 Trumps nya resestopp och dess p\u00e5verkan <br>p\u00e5 m\u00e5ngfaldsvisumprogrammet. Vem p\u00e5verkas?<\/h2>\n\n\n\n<div style=\"height:25px\" aria-hidden=\"true\" class=\"wp-block-spacer\"><\/div>\n\n\n\n<p>President Donald Trump har nyligen tillk\u00e4nnagett ett betydande Trump resestopp som p\u00e5verkar medborgare fr\u00e5n flera l\u00e4nder. Detta tillk\u00e4nnagivande har f\u00f6rst\u00e5eligt nog orsakat oro bland m\u00e5nga potentiella och nuvarande s\u00f6kande till m\u00e5ngfaldsvisumprogrammet (DV-programmet). H\u00e4r str\u00e4var vi efter att tydligt f\u00f6rklara vad detta resestopp inneb\u00e4r, vilka l\u00e4nder det p\u00e5verkar, och viktigast av allt, hur detta p\u00e5verkar individer som \u00e4r involverade i eller \u00f6verv\u00e4ger att ans\u00f6ka till DV-programmet under Trump-resestoppet.<\/p>\n\n\n\n<div style=\"height:38px\" aria-hidden=\"true\" class=\"wp-block-spacer\"><\/div>\n\n\n\n<div class=\"wp-block-columns is-layout-flex wp-container-core-columns-is-layout-9d6595d7 wp-block-columns-is-layout-flex\">\n<div class=\"wp-block-column is-layout-flow wp-block-column-is-layout-flow\">\n<div style=\"height:20px\" aria-hidden=\"true\" class=\"wp-block-spacer\"><\/div>\n\n\n\n<div class=\"wp-block-rank-math-toc-block\" id=\"rank-math-toc\">\n    <h2 style=\"margin-bottom: 20px;\">Inneh\u00e5llsf\u00f6rteckning<\/h2> <!-- Add margin-bottom for space after the heading -->\n    <nav>\n        <ul style=\"padding-left: 20px;\"> <!-- Indent the list -->\n            <li style=\"margin-bottom: 10px;\"><a href=\"#what-is-the-new-travel-ban\">Vad \u00e4r den nya resestoppen?<\/a><\/li>\n            <li style=\"margin-bottom: 10px;\"><a href=\"#presidential-statement-video-introduction\">Presidentuttalande \u2013 Videointroduktion<\/a><\/li>\n            <li style=\"margin-bottom: 10px;\"><a href=\"#which-countries-are-affected\">Vilka l\u00e4nder p\u00e5verkas av Trumps resef\u00f6rbud?<\/a><\/li>\n            <li style=\"margin-bottom: 10px;\"><a href=\"#why-were-these-countries-chosen\">Varf\u00f6r valdes just dessa l\u00e4nder?<\/a><\/li>\n            <li style=\"margin-bottom: 10px;\"><a href=\"#what-does-this-mean-for-diversity-visa-applicants\">Vad inneb\u00e4r detta f\u00f6r ans\u00f6kare om m\u00e5ngfaldsvisum?<\/a><\/li>\n            <li style=\"margin-bottom: 10px;\"><a href=\"#important-reminder-this-ban-may-be-temporary-1\">Viktig p\u00e5minnelse: Trumps resef\u00f6rbud \u00e4r tillf\u00e4lligt<\/a><\/li>\n            <li style=\"margin-bottom: 10px;\"><a href=\"#stay-informed-and-prepared\">H\u00e5ll dig informerad och f\u00f6rberedd<\/a><\/li>\n            <li style=\"margin-bottom: 10px;\"><a href=\"#why-the-diversity-visa-program-is-so-valuable\">Varf\u00f6r m\u00e5ngfaldsvisumprogrammet \u00e4r ditt b\u00e4sta val f\u00f6r att f\u00e5 ett gr\u00f6nt kort<\/a><\/li>\n            <li style=\"margin-bottom: 10px;\"><a href=\"#why-the-diversity-visa-program-is-so-valuable-1\">Vanliga fr\u00e5gor om Trump-resestoppet och m\u00e5ngfaldsvisumprogrammet.<\/a><\/li>\n        <\/ul>\n    <\/nav>\n<\/div>\n<\/div>\n\n\n\n<div class=\"wp-block-column is-layout-flow wp-block-column-is-layout-flow\">\n<figure class=\"wp-block-image size-large\"><img decoding=\"async\" width=\"1024\" height=\"683\" src=\"https:\/\/www.usgreencardoffice.com\/blog\/wp-content\/uploads\/2025\/06\/Trump-Travel-ban-1024x683.png\" alt=\"Trump-resestopp\" class=\"wp-image-7025\" srcset=\"https:\/\/www.usgreencardoffice.com\/blog\/wp-content\/uploads\/2025\/06\/Trump-Travel-ban-1024x683.png 1024w, https:\/\/www.usgreencardoffice.com\/blog\/wp-content\/uploads\/2025\/06\/Trump-Travel-ban-300x200.png 300w, https:\/\/www.usgreencardoffice.com\/blog\/wp-content\/uploads\/2025\/06\/Trump-Travel-ban-768x512.png 768w, https:\/\/www.usgreencardoffice.com\/blog\/wp-content\/uploads\/2025\/06\/Trump-Travel-ban.png 1536w\" sizes=\"(max-width: 1024px) 100vw, 1024px\" \/><\/figure>\n<\/div>\n<\/div>\n\n\n\n<h3 class=\"wp-block-heading\" id=\"what-is-the-new-travel-ban\">Vad \u00e4r den nya resestoppen?<\/h3>\n\n\n\n<div style=\"height:20px\" aria-hidden=\"true\" class=\"wp-block-spacer\"><\/div>\n\n\n\n<p>Trump-resestoppet begr\u00e4nsar eller f\u00f6rbjuder inresa till USA f\u00f6r medborgare fr\u00e5n angivna l\u00e4nder. Det senaste tillk\u00e4nnagivandet fr\u00e5n president Trump syftar till att sk\u00e4rpa inresebegr\u00e4nsningarna baserat p\u00e5 <a href=\"https:\/\/www.whitehouse.gov\/presidential-actions\/2025\/01\/protecting-the-united-states-from-foreign-terrorists-and-othernational-security-and-public-safety-threats\/\" target=\"_blank\" rel=\"noreferrer noopener\">nationella s\u00e4kerhetsbekymmer<\/a>, \u00f6verstannande visum och relaterade fr\u00e5gor.<\/p>\n\n\n\n<div style=\"height:30px\" aria-hidden=\"true\" class=\"wp-block-spacer\"><\/div>\n\n\n\n<h3 class=\"wp-block-heading\" id=\"presidential-statement-video-introduction\">Presidentuttalande \u2013 Videointroduktion<\/h3>\n\n\n\n<div style=\"height:15px\" aria-hidden=\"true\" class=\"wp-block-spacer\"><\/div>\n\n\n\n<p>Det \u00e4r viktigt att komma ih\u00e5g att F\u00f6renta staternas president har en fr\u00e4msta plikt att skydda landets s\u00e4kerhet och trygghet. Detta \u00e4r ofta anledningen bakom tillf\u00e4lliga restriktioner som den som nyligen inf\u00f6rdes.<\/p>\n\n\n\n<div style=\"height:15px\" aria-hidden=\"true\" class=\"wp-block-spacer\"><\/div>\n\n\n\n<p>Nedan finns en video d\u00e4r president Donald Trump f\u00f6rklarar motiven bakom den nya Trump-resestoppets verkst\u00e4llande order och reserestriktionerna. \u00c4ven om dessa \u00e5tg\u00e4rder \u00e4r inriktade p\u00e5 nationell s\u00e4kerhet, syftar de inte till att blockera laglig invandring. Personer som ans\u00f6ker lagligt genom program som m\u00e5ngfaldsvisum beaktas fortfarande, \u00e4ven om de kommer fr\u00e5n l\u00e4nder som f\u00f6r n\u00e4rvarande omfattas av resebegr\u00e4nsningar.<\/p>\n\n\n\n<div style=\"height:32px\" aria-hidden=\"true\" class=\"wp-block-spacer\"><\/div>\n\n\n\n<div class=\"wp-block-columns is-layout-flex wp-container-core-columns-is-layout-9d6595d7 wp-block-columns-is-layout-flex\">\n<div class=\"wp-block-column is-vertically-aligned-stretch is-layout-flow wp-block-column-is-layout-flow\" style=\"flex-basis:200px\"><\/div>\n\n\n\n<div class=\"wp-block-column is-layout-flow wp-block-column-is-layout-flow\">\n<figure class=\"wp-block-embed aligncenter is-type-video is-provider-youtube wp-block-embed-youtube wp-embed-aspect-16-9 wp-has-aspect-ratio\"><div class=\"wp-block-embed__wrapper\">\n<iframe title=\"President Donald J. Trump Signs Travel Restrictions Executive Order\" width=\"640\" height=\"360\" src=\"https:\/\/www.youtube.com\/embed\/LUHm8XZ0Nvo?feature=oembed\" frameborder=\"0\" allow=\"accelerometer; autoplay; clipboard-write; encrypted-media; gyroscope; picture-in-picture; web-share\" referrerpolicy=\"strict-origin-when-cross-origin\" allowfullscreen><\/iframe>\n<\/div><\/figure>\n<\/div>\n\n\n\n<div class=\"wp-block-column is-vertically-aligned-stretch is-layout-flow wp-block-column-is-layout-flow\" style=\"flex-basis:50px\"><\/div>\n<\/div>\n\n\n\n<div style=\"height:20px\" aria-hidden=\"true\" class=\"wp-block-spacer\"><\/div>\n\n\n\n<h3 class=\"wp-block-heading\" id=\"which-countries-are-affected\">Vilka l\u00e4nder p\u00e5verkas av Trumps resef\u00f6rbud?<\/h3>\n\n\n\n<div style=\"height:20px\" aria-hidden=\"true\" class=\"wp-block-spacer\"><\/div>\n\n\n\n<div class=\"wp-block-columns is-layout-flex wp-container-core-columns-is-layout-9d6595d7 wp-block-columns-is-layout-flex\">\n<div class=\"wp-block-column is-layout-flow wp-block-column-is-layout-flow\">\n<p><strong>Total f\u00f6rbud:<\/strong> Medborgare fr\u00e5n f\u00f6ljande l\u00e4nder st\u00e5r inf\u00f6r ett fullst\u00e4ndigt avbrott av b\u00e5de immigrations- och icke-immigrationsvisum:<\/p>\n\n\n\n<div style=\"height:15px\" aria-hidden=\"true\" class=\"wp-block-spacer\"><\/div>\n\n\n\n<ul class=\"wp-block-list\">\n<li>Afghanistan<\/li>\n\n\n\n<li>Myanmar<\/li>\n\n\n\n<li>Tchad<\/li>\n\n\n\n<li>Republiken Kongo<\/li>\n\n\n\n<li>Ekvatorialguinea<\/li>\n\n\n\n<li>Eritrea<\/li>\n\n\n\n<li>Haiti<\/li>\n\n\n\n<li>Iran<\/li>\n\n\n\n<li>Libyen<\/li>\n\n\n\n<li>Somalia<\/li>\n\n\n\n<li>Sudan<\/li>\n\n\n\n<li>Jemen<\/li>\n<\/ul>\n<\/div>\n\n\n\n<div class=\"wp-block-column is-layout-flow wp-block-column-is-layout-flow\">\n<p><strong>Delvis f\u00f6rbud:<\/strong> Begr\u00e4nsade restriktioner g\u00e4ller f\u00f6r medborgare fr\u00e5n dessa l\u00e4nder:<\/p>\n\n\n\n<div style=\"height:35px\" aria-hidden=\"true\" class=\"wp-block-spacer\"><\/div>\n\n\n\n<ul class=\"wp-block-list\">\n<li>Burundi<\/li>\n\n\n\n<li>Cuba<\/li>\n\n\n\n<li>Laos<\/li>\n\n\n\n<li>Sierra Leone<\/li>\n\n\n\n<li>Togo<\/li>\n\n\n\n<li>Turkmenistan<\/li>\n\n\n\n<li>Venezuela<\/li>\n<\/ul>\n<\/div>\n<\/div>\n\n\n\n<h3 class=\"wp-block-heading\" id=\"why-were-these-countries-chosen\">Varf\u00f6r valdes just dessa l\u00e4nder?<\/h3>\n\n\n\n<div style=\"height:20px\" aria-hidden=\"true\" class=\"wp-block-spacer\"><\/div>\n\n\n\n<p>De fr\u00e4msta angivna sk\u00e4len f\u00f6r dessa restriktioner inkluderar:<\/p>\n\n\n\n<div style=\"height:15px\" aria-hidden=\"true\" class=\"wp-block-spacer\"><\/div>\n\n\n\n<ul class=\"wp-block-list\">\n<li>Brist p\u00e5 p\u00e5litliga pass- och identifikationssystem.<\/li>\n\n\n\n<li>H\u00f6ga niv\u00e5er av visum\u00f6verskridanden.<\/li>\n\n\n\n<li>Bekymmer relaterade till terrorism eller otillr\u00e4ckliga s\u00e4kerhetskontroller.<\/li>\n<\/ul>\n\n\n\n<div style=\"height:20px\" aria-hidden=\"true\" class=\"wp-block-spacer\"><\/div>\n\n\n\n<h3 class=\"wp-block-heading\" id=\"what-does-this-mean-for-diversity-visa-applicants\">Vad inneb\u00e4r detta f\u00f6r ans\u00f6kare om m\u00e5ngfaldsvisum?<\/h3>\n\n\n\n<div style=\"height:20px\" aria-hidden=\"true\" class=\"wp-block-spacer\"><\/div>\n\n\n\n<p>Det \u00e4r avg\u00f6rande att klarg\u00f6ra n\u00e5gra viktiga punkter f\u00f6r att lugna deltagare i DV-programmet:<\/p>\n\n\n\n<div style=\"height:20px\" aria-hidden=\"true\" class=\"wp-block-spacer\"><\/div>\n\n\n\n<ol start=\"1\" class=\"wp-block-list\">\n<li><strong>Redan utvalda och godk\u00e4nda s\u00f6kande:<\/strong>\n<ul class=\"wp-block-list\">\n<li>Om du redan har blivit utvald i DV-programmet och framg\u00e5ngsrikt klarat din visumintervju p\u00e5 en amerikansk ambassad, beh\u00f6ver du inte oroa dig. Generellt, om ditt immigrationsvisum har utf\u00e4rdats f\u00f6re ikrafttr\u00e4dandedatumet f\u00f6r resestoppet (9 juni 2025), kommer du fortfarande att till\u00e5tas inresa till F\u00f6renta staterna.<br><br><\/li>\n<\/ul>\n<\/li>\n\n\n\n<li><strong>S\u00f6kande som v\u00e4ntar p\u00e5 intervju eller visumutf\u00e4rdande:<\/strong>\n<ul class=\"wp-block-list\">\n<li>Personer fr\u00e5n drabbade l\u00e4nder som f\u00f6r n\u00e4rvarande v\u00e4ntar p\u00e5 sina ambassadintervjuer b\u00f6r ocks\u00e5 f\u00f6rbli optimistiska. Historiskt sett m\u00f6ter s\u00e5dana verkst\u00e4llande order ofta r\u00e4ttsliga utmaningar i amerikanska domstolar, vilket potentiellt kan leda till att f\u00f6rbuden delvis eller helt upph\u00e4vs. Det \u00e4r viktigt att h\u00e5lla sig informerad och forts\u00e4tta f\u00f6rberedelserna inf\u00f6r din intervju.<br><br><\/li>\n<\/ul>\n<\/li>\n\n\n\n<li><strong>Nya s\u00f6kande till DV-programmet:<\/strong>\n<ul class=\"wp-block-list\">\n<li>\u00c4ven om du \u00e4r f\u00f6dd i ett av de l\u00e4nder som anges under resestoppet, \u00e4r du fortfarande ber\u00e4ttigad att ans\u00f6ka till DV-programmet s\u00e5 l\u00e4nge ditt land finns med p\u00e5 den officiella listan \u00f6ver kvalificerade l\u00e4nder. F\u00f6r n\u00e4rvarande har president Trump inte \u00e4ndrat denna lista, och beh\u00f6righetskriterierna f\u00f6r DV-programmet i sig f\u00f6rblir of\u00f6r\u00e4ndrade.<\/li>\n<\/ul>\n<\/li>\n<\/ol>\n\n\n\n<div style=\"height:20px\" aria-hidden=\"true\" class=\"wp-block-spacer\"><\/div>\n\n\n\n<div class=\"wp-block-columns is-layout-flex wp-container-core-columns-is-layout-9d6595d7 wp-block-columns-is-layout-flex\">\n<div class=\"wp-block-column is-layout-flow wp-block-column-is-layout-flow\">\n<h3 class=\"wp-block-heading\" id=\"important-reminder-this-ban-may-be-temporary-1\">Viktig p\u00e5minnelse: Trumps resef\u00f6rbud \u00e4r tillf\u00e4lligt<\/h3>\n\n\n\n<div style=\"height:15px\" aria-hidden=\"true\" class=\"wp-block-spacer\"><\/div>\n\n\n\n<p>Verkst\u00e4llande order och presidentproklamationer, s\u00e4rskilt de som r\u00f6r invandring, granskas och ifr\u00e5gas\u00e4tts ofta i amerikanska domstolar. M\u00e5nga juridiska experter f\u00f6rv\u00e4ntar sig att denna proklamation kommer att granskas r\u00e4ttsligt, vilket potentiellt kan leda till \u00e4ndringar eller till och med upph\u00e4vande av vissa eller alla restriktioner.<\/p>\n\n\n\n<div style=\"height:15px\" aria-hidden=\"true\" class=\"wp-block-spacer\"><\/div>\n\n\n\n<p>D\u00e4rf\u00f6r b\u00f6r s\u00f6kande och utvalda beh\u00e5lla sin optimism och forts\u00e4tta med sina DV-processer enligt plan.<\/p>\n\n\n\n<div style=\"height:28px\" aria-hidden=\"true\" class=\"wp-block-spacer\"><\/div>\n\n\n\n<figure class=\"wp-block-image size-full\"><a href=\"https:\/\/www.usgreencardoffice.com\/se\/apply\"><img decoding=\"async\" width=\"245\" height=\"59\" src=\"https:\/\/www.usgreencardoffice.com\/blog\/wp-content\/uploads\/2022\/01\/apply-now.gif\" alt=\"\u00e4ktenskapsbaserat gr\u00f6nt kort\" class=\"wp-image-3087\"\/><\/a><\/figure>\n<\/div>\n\n\n\n<div class=\"wp-block-column is-layout-flow wp-block-column-is-layout-flow\">\n<figure class=\"wp-block-image size-large\"><img decoding=\"async\" width=\"1024\" height=\"771\" src=\"https:\/\/www.usgreencardoffice.com\/blog\/wp-content\/uploads\/2025\/06\/man-with-no-ban-2025-sign-1024x771.png\" alt=\"\" class=\"wp-image-7055\" srcset=\"https:\/\/www.usgreencardoffice.com\/blog\/wp-content\/uploads\/2025\/06\/man-with-no-ban-2025-sign-1024x771.png 1024w, https:\/\/www.usgreencardoffice.com\/blog\/wp-content\/uploads\/2025\/06\/man-with-no-ban-2025-sign-300x226.png 300w, https:\/\/www.usgreencardoffice.com\/blog\/wp-content\/uploads\/2025\/06\/man-with-no-ban-2025-sign-768x578.png 768w, https:\/\/www.usgreencardoffice.com\/blog\/wp-content\/uploads\/2025\/06\/man-with-no-ban-2025-sign.png 1232w\" sizes=\"(max-width: 1024px) 100vw, 1024px\" \/><\/figure>\n<\/div>\n<\/div>\n\n\n\n<div style=\"height:20px\" aria-hidden=\"true\" class=\"wp-block-spacer\"><\/div>\n\n\n\n<h3 class=\"wp-block-heading\" id=\"stay-informed-and-prepared\">H\u00e5ll dig informerad och f\u00f6rberedd<\/h3>\n\n\n\n<div style=\"height:20px\" aria-hidden=\"true\" class=\"wp-block-spacer\"><\/div>\n\n\n\n<p>Vi r\u00e5der starkt alla personer som p\u00e5verkas av eller \u00e4r oroade \u00f6ver detta f\u00f6rbud att h\u00e5lla sina dokument i ordning, forts\u00e4tta f\u00f6rberedelserna inf\u00f6r sina DV-intervjuer och regelbundet h\u00e5lla sig uppdaterade genom tillf\u00f6rlitliga k\u00e4llor. Att r\u00e5dg\u00f6ra med en immigrationsjurist eller officiell kommunikation fr\u00e5n amerikanska ambassaden rekommenderas f\u00f6r personlig v\u00e4gledning.<\/p>\n\n\n\n<div style=\"height:20px\" aria-hidden=\"true\" class=\"wp-block-spacer\"><\/div>\n\n\n\n<p>F\u00f6r en komplett lista \u00f6ver kvalificerade l\u00e4nder f\u00f6r m\u00e5ngfaldsvisumprogrammet, v\u00e4nligen se v\u00e5r detaljerade lista p\u00e5 den officiella sidan f\u00f6r DV-programmets beh\u00f6righet p\u00e5 v\u00e5r webbplats.<\/p>\n\n\n\n<div style=\"height:20px\" aria-hidden=\"true\" class=\"wp-block-spacer\"><\/div>\n\n\n\n<p>Var lugn, de grundl\u00e4ggande m\u00f6jligheterna som erbjuds genom m\u00e5ngfaldsvisumprogrammet f\u00f6rblir intakta, och potentiella s\u00f6kande b\u00f6r med tillf\u00f6rsikt f\u00f6lja sina dr\u00f6mmar om att immigrera till F\u00f6renta staterna.<\/p>\n\n\n\n<div style=\"height:20px\" aria-hidden=\"true\" class=\"wp-block-spacer\"><\/div>\n\n\n\n<h3 class=\"wp-block-heading\" id=\"why-the-diversity-visa-program-is-so-valuable\">Varf\u00f6r m\u00e5ngfaldsvisumprogrammet \u00e4r ditt b\u00e4sta val f\u00f6r att f\u00e5 ett gr\u00f6nt kort<\/h3>\n\n\n\n<div style=\"height:20px\" aria-hidden=\"true\" class=\"wp-block-spacer\"><\/div>\n\n\n\n<p>M\u00e5ngfaldsvisumprogrammet \u00e4r en viktig och popul\u00e4r v\u00e4g f\u00f6r invandring till F\u00f6renta staterna och erbjuder m\u00f6jligheter f\u00f6r miljontals m\u00e4nniskor v\u00e4rlden \u00f6ver. Dess fr\u00e4msta m\u00e5l \u00e4r att \u00f6ka m\u00e5ngfalden i USA genom att l\u00e5ta individer fr\u00e5n l\u00e4nder med historiskt l\u00e4gre invandringsniv\u00e5er f\u00e5 permanent uppeh\u00e5llstillst\u00e5nd (Gr\u00f6nt Kort).<\/p>\n\n\n\n<div style=\"height:20px\" aria-hidden=\"true\" class=\"wp-block-spacer\"><\/div>\n\n\n\n<p>Varje \u00e5r ans\u00f6ker miljontals individer om denna unika m\u00f6jlighet, eftersom de ser den som en av de enklaste och mest tillg\u00e4ngliga v\u00e4garna till att f\u00e5 permanent uppeh\u00e5llstillst\u00e5nd i F\u00f6renta staterna. Programmets enkelhet och r\u00e4ttvisa \u00e4r centrala attraktionskrafter:<\/p>\n\n\n\n<div style=\"height:20px\" aria-hidden=\"true\" class=\"wp-block-spacer\"><\/div>\n\n\n\n<ul class=\"wp-block-list\">\n<li><strong>Kvalificerade l\u00e4nder:<\/strong> Beh\u00f6riga l\u00e4nder \u00e4r de fr\u00e5n vilka f\u00e4rre \u00e4n 50 000 immigranter har flyttat till USA under de senaste fem \u00e5ren.<br><br><\/li>\n\n\n\n<li><strong>Grundl\u00e4ggande beh\u00f6righetskrav:<\/strong> F\u00f6rutom att komma fr\u00e5n ett kvalificerat land \u00e4r det enda andra kravet att ha minst en gymnasieutbildning eller minst tv\u00e5 \u00e5rs arbetslivserfarenhet i ett yrke som kr\u00e4ver minst tv\u00e5 \u00e5rs utbildning.<\/li>\n<\/ul>\n\n\n\n<div style=\"height:20px\" aria-hidden=\"true\" class=\"wp-block-spacer\"><\/div>\n\n\n\n<p>Dessa enkla krav g\u00f6r m\u00e5ngfaldsvisumprogrammet exceptionellt tillg\u00e4ngligt f\u00f6r m\u00e4nniskor fr\u00e5n olika bakgrunder och l\u00e4nder.<\/p>\n\n\n\n<div style=\"height:37px\" aria-hidden=\"true\" class=\"wp-block-spacer\"><\/div>\n\n\n\n<script type=\"application\/ld+json\">{\n  \"@context\": \"https:\/\/schema.org\",\n  \"@type\": \"FAQPage\",\n  \"mainEntity\": [\n    {\n      \"@type\": \"Question\",\n      \"name\": \"Am I still eligible to apply for the DV Program if I\u2019m from a banned country?\",\n      \"acceptedAnswer\": {\n        \"@type\": \"Answer\",\n        \"text\": \"Yes, as long as your country is on the list of qualifying countries, you can still apply.\"\n      }\n    },\n    {\n      \"@type\": \"Question\",\n      \"name\": \"What if I\u2019ve already won the DV Lottery and passed my interview?\",\n      \"acceptedAnswer\": {\n        \"@type\": \"Answer\",\n        \"text\": \"You should not be affected and can proceed with your move to the United States.\"\n      }\n    },\n    {\n      \"@type\": \"Question\",\n      \"name\": \"Does the Trump Travel Ban change the list of qualifying DV countries?\",\n      \"acceptedAnswer\": {\n        \"@type\": \"Answer\",\n        \"text\": \"No, the list of qualifying countries for the DV Program has not changed.\"\n      }\n    },\n    {\n      \"@type\": \"Question\",\n      \"name\": \"Can I still attend my DV interview if I\u2019m from one of the banned countries?\",\n      \"acceptedAnswer\": {\n        \"@type\": \"Answer\",\n        \"text\": \"Yes, you should attend your scheduled interview as normal unless told otherwise.\"\n      }\n    },\n    {\n      \"@type\": \"Question\",\n      \"name\": \"Will the Trump Travel Ban be permanent?\",\n      \"acceptedAnswer\": {\n        \"@type\": \"Answer\",\n        \"text\": \"Most likely not. The ban may be challenged in court and could be overturned or modified. Trump could also remove the ban when needed.\"\n      }\n    },\n    {\n      \"@type\": \"Question\",\n      \"name\": \"What are the basic requirements to apply for the DV Program?\",\n      \"acceptedAnswer\": {\n        \"@type\": \"Answer\",\n        \"text\": \"You must be born in a qualifying country and have a high school diploma or two years of qualifying work experience.\"\n      }\n    },\n    {\n      \"@type\": \"Question\",\n      \"name\": \"Where can I get more help or information about the DV Program?\",\n      \"acceptedAnswer\": {\n        \"@type\": \"Answer\",\n        \"text\": \"Visit our FAQ page or contact our support team for guidance: https:\/\/www.usgreencardoffice.com\/frequently-asked-green-card-lottery-questions\"\n      }\n    }\n  ]\n}\n<\/script>\n\n\n\n<h2 style=\"text-align:center; font-family:'Helvetica Neue', Helvetica, Arial, sans-serif; font-size:32px; font-weight:500; line-height:38px; color:#212529; margin-bottom: 30px;\">\n Vanliga fr\u00e5gor om Trump-resestoppet och m\u00e5ngfaldsvisumprogrammet\n<\/h2>\n\n<div style=\"width:90%; max-width:800px; margin:auto; background-color:#ffffff; border-radius:8px; box-shadow:0 4px 10px rgba(0,0,0,0.1); padding:20px;\">\n\n  <details style=\"margin-bottom:15px; border-radius:6px; overflow:hidden;\">\n    <summary style=\"cursor:pointer; background-color:#0056a0; color:#ffffff; padding:15px 20px; font-size:16px; font-weight:500;\">\n \u00c4r jag fortfarande ber\u00e4ttigad att ans\u00f6ka till DV\u2011programmet om jag kommer fr\u00e5n ett land som omfattas av resestoppet?\n    <\/summary>\n    <div style=\"background-color:#e9f0fa; padding:15px 20px; font-size:15px; line-height:22px; color:#212529; border-left:4px solid #0056a0;\">\n Ja, s\u00e5 l\u00e4nge ditt land finns med p\u00e5 listan \u00f6ver kvalificerade l\u00e4nder kan du fortfarande ans\u00f6ka.\n    <\/div>\n  <\/details>\n\n  <details style=\"margin-bottom:15px; border-radius:6px; overflow:hidden;\">\n    <summary style=\"cursor:pointer; background-color:#0056a0; color:#ffffff; padding:15px 20px; font-size:16px; font-weight:500;\">\n Vad h\u00e4nder om jag redan har vunnit DV-lotteriet och klarat min intervju?\n    <\/summary>\n    <div style=\"background-color:#e9f0fa; padding:15px 20px; font-size:15px; line-height:22px; color:#212529; border-left:4px solid #0056a0;\">\n Du b\u00f6r inte p\u00e5verkas och kan forts\u00e4tta med din flytt till F\u00f6renta staterna.\n    <\/div>\n  <\/details>\n\n  <details style=\"margin-bottom:15px; border-radius:6px; overflow:hidden;\">\n    <summary style=\"cursor:pointer; background-color:#0056a0; color:#ffffff; padding:15px 20px; font-size:16px; font-weight:500;\">\n \u00c4ndrar Trump-resestoppet listan \u00f6ver kvalificerade DV\u2011l\u00e4nder?\n    <\/summary>\n    <div style=\"background-color:#e9f0fa; padding:15px 20px; font-size:15px; line-height:22px; color:#212529; border-left:4px solid #0056a0;\">\n Nej, listan \u00f6ver kvalificerade l\u00e4nder f\u00f6r DV-programmet har inte \u00e4ndrats.\n    <\/div>\n  <\/details>\n\n  <details style=\"margin-bottom:15px; border-radius:6px; overflow:hidden;\">\n    <summary style=\"cursor:pointer; background-color:#0056a0; color:#ffffff; padding:15px 20px; font-size:16px; font-weight:500;\">\n Kan jag fortfarande delta i min DV-intervju om jag kommer fr\u00e5n ett av de f\u00f6rbjudna l\u00e4nderna?\n    <\/summary>\n    <div style=\"background-color:#e9f0fa; padding:15px 20px; font-size:15px; line-height:22px; color:#212529; border-left:4px solid #0056a0;\">\n Ja, du b\u00f6r delta i din schemalagda intervju som vanligt om du inte har blivit meddelad n\u00e5got annat.\n    <\/div>\n  <\/details>\n\n  <details style=\"margin-bottom:15px; border-radius:6px; overflow:hidden;\">\n    <summary style=\"cursor:pointer; background-color:#0056a0; color:#ffffff; padding:15px 20px; font-size:16px; font-weight:500;\">\n Kommer Trumps resef\u00f6rbud att vara permanent?\n    <\/summary>\n    <div style=\"background-color:#e9f0fa; padding:15px 20px; font-size:15px; line-height:22px; color:#212529; border-left:4px solid #0056a0;\">\n Med st\u00f6rsta sannolikhet inte. F\u00f6rbudet kan \u00f6verklagas i domstol och kan upph\u00e4vas eller \u00e4ndras. Trump skulle ocks\u00e5 kunna upph\u00e4va f\u00f6rbudet vid behov.\n    <\/div>\n  <\/details>\n\n  <details style=\"margin-bottom:15px; border-radius:6px; overflow:hidden;\">\n    <summary style=\"cursor:pointer; background-color:#0056a0; color:#ffffff; padding:15px 20px; font-size:16px; font-weight:500;\">\n Vilka \u00e4r de grundl\u00e4ggande kraven f\u00f6r att ans\u00f6ka till DV-programmet?\n    <\/summary>\n    <div style=\"background-color:#e9f0fa; padding:15px 20px; font-size:15px; line-height:22px; color:#212529; border-left:4px solid #0056a0;\">\n Du m\u00e5ste vara f\u00f6dd i ett kvalificerat land och ha en gymnasieexamen eller tv\u00e5 \u00e5rs kvalificerande arbetslivserfarenhet.\n    <\/div>\n  <\/details>\n\n  <details style=\"margin-bottom:15px; border-radius:6px; overflow:hidden;\">\n    <summary style=\"cursor:pointer; background-color:#0056a0; color:#ffffff; padding:15px 20px; font-size:16px; font-weight:500;\">\n Var kan jag f\u00e5 mer hj\u00e4lp eller information om DV-programmet?\n    <\/summary>\n    <div style=\"background-color:#e9f0fa; padding:15px 20px; font-size:15px; line-height:22px; color:#212529; border-left:4px solid #0056a0;\">\n Bes\u00f6k v\u00e5r FAQ-sida eller kontakta v\u00e5rt supportteam f\u00f6r v\u00e4gledning: <a href=\"https:\/\/www.usgreencardoffice.com\/frequently-asked-green-card-lottery-questions\" style=\"color:#0056a0;\">https:\/\/www.usgreencardoffice.com\/frequently-asked-green-card-lottery-questions<\/a>\n    <\/div>\n  <\/details>\n\n<\/div>\n\n\n\n<div style=\"height:25px\" aria-hidden=\"true\" class=\"wp-block-spacer\"><\/div>\n\n\n\n<div style=\"height:16px\" aria-hidden=\"true\" class=\"wp-block-spacer\"><\/div>\n\n\n\n<hr class=\"wp-block-separator has-alpha-channel-opacity\"\/>\n\n\n\n<p><strong>Vi uppmuntrar dig att f\u00f6rbli optimistisk, informerad och proaktiv i din str\u00e4van efter den amerikanska dr\u00f6mmen genom m\u00e5ngfaldsvisumprogrammet.<\/strong><\/p>\n\n\n\n<div style=\"height:42px\" aria-hidden=\"true\" class=\"wp-block-spacer\"><\/div>\n\n\n<div class=\"wp-block-image\">\n<figure class=\"aligncenter size-full\"><a href=\"https:\/\/www.usgreencardoffice.com\/se\/apply\"><img decoding=\"async\" width=\"728\" height=\"90\" src=\"https:\/\/www.usgreencardoffice.com\/blog\/wp-content\/uploads\/2022\/06\/acf3c043.gif\" alt=\"\u00e4ktenskapsbaserat gr\u00f6nt kort\" class=\"wp-image-4094\"\/><\/a><\/figure>\n<\/div>\n\n\n<div style=\"height:56px\" aria-hidden=\"true\" class=\"wp-block-spacer\"><\/div>\n\n\n\n<p><\/p>\n","protected":false},"excerpt":{"rendered":"<p>Att f\u00f6rst\u00e5 Trumps nya resestopp och dess p\u00e5verkan p\u00e5 m\u00e5ngfaldsvisumprogrammet. Vem p\u00e5verkas? President Donald Trump har nyligen tillk\u00e4nnagett ett betydande Trump resestopp som p\u00e5verkar medborgare fr\u00e5n flera l\u00e4nder. Detta tillk\u00e4nnagivande har f\u00f6rst\u00e5eligt nog orsakat oro bland m\u00e5nga potentiella och nuvarande s\u00f6kande till m\u00e5ngfaldsvisumprogrammet (DV-programmet). H\u00e4r str\u00e4var vi efter att tydligt f\u00f6rklara vad detta resestopp inneb\u00e4r, [&hellip;]<\/p>\n","protected":false},"author":1,"featured_media":7037,"comment_status":"closed","ping_status":"closed","sticky":false,"template":"","format":"standard","meta":{"footnotes":""},"categories":[93],"tags":[],"class_list":["post-7322","post","type-post","status-publish","format-standard","has-post-thumbnail","hentry","category-about-the-usa-se"],"_links":{"self":[{"href":"https:\/\/www.usgreencardoffice.com\/blog\/sv\/wp-json\/wp\/v2\/posts\/7322","targetHints":{"allow":["GET"]}}],"collection":[{"href":"https:\/\/www.usgreencardoffice.com\/blog\/sv\/wp-json\/wp\/v2\/posts"}],"about":[{"href":"https:\/\/www.usgreencardoffice.com\/blog\/sv\/wp-json\/wp\/v2\/types\/post"}],"author":[{"embeddable":true,"href":"https:\/\/www.usgreencardoffice.com\/blog\/sv\/wp-json\/wp\/v2\/users\/1"}],"replies":[{"embeddable":true,"href":"https:\/\/www.usgreencardoffice.com\/blog\/sv\/wp-json\/wp\/v2\/comments?post=7322"}],"version-history":[{"count":3,"href":"https:\/\/www.usgreencardoffice.com\/blog\/sv\/wp-json\/wp\/v2\/posts\/7322\/revisions"}],"predecessor-version":[{"id":9239,"href":"https:\/\/www.usgreencardoffice.com\/blog\/sv\/wp-json\/wp\/v2\/posts\/7322\/revisions\/9239"}],"wp:featuredmedia":[{"embeddable":true,"href":"https:\/\/www.usgreencardoffice.com\/blog\/sv\/wp-json\/wp\/v2\/media\/7037"}],"wp:attachment":[{"href":"https:\/\/www.usgreencardoffice.com\/blog\/sv\/wp-json\/wp\/v2\/media?parent=7322"}],"wp:term":[{"taxonomy":"category","embeddable":true,"href":"https:\/\/www.usgreencardoffice.com\/blog\/sv\/wp-json\/wp\/v2\/categories?post=7322"},{"taxonomy":"post_tag","embeddable":true,"href":"https:\/\/www.usgreencardoffice.com\/blog\/sv\/wp-json\/wp\/v2\/tags?post=7322"}],"curies":[{"name":"wp","href":"https:\/\/api.w.org\/{rel}","templated":true}]}}