{"id":7363,"date":"2025-06-05T08:22:46","date_gmt":"2025-06-05T07:22:46","guid":{"rendered":"https:\/\/www.usgreencardoffice.com\/blog?p=7363"},"modified":"2025-06-30T07:00:38","modified_gmt":"2025-06-30T06:00:38","slug":"proibicao-de-viagem-de-trump-visto-de-diversidade","status":"publish","type":"post","link":"https:\/\/www.usgreencardoffice.com\/blog\/pt-pt\/proibicao-de-viagem-de-trump-visto-de-diversidade","title":{"rendered":"Proibi\u00e7\u00e3o de Viagem de Trump Programa de Vistos de Diversidade 2025"},"content":{"rendered":"\n<h2 class=\"wp-block-heading has-text-align-center\" id=\"understanding-trumps-new-travel-ban-and-its-impact-on-the-diversity-visa-program\">Compreender a Nova Proibi\u00e7\u00e3o de Viagem de Trump e o Seu Impacto <br>sobre o Programa de Vistos de Diversidade Quem \u00e9 afetado?<\/h2>\n\n\n\n<div style=\"height:25px\" aria-hidden=\"true\" class=\"wp-block-spacer\"><\/div>\n\n\n\n<p>O Presidente Donald Trump anunciou recentemente uma proibi\u00e7\u00e3o de viagem significativa de Trump, que afeta cidad\u00e3os de v\u00e1rios pa\u00edses. Este an\u00fancio causou, compreensivelmente, preocupa\u00e7\u00e3o entre muitos candidatos potenciais e atuais ao Programa de Vistos de Diversidade (DV). Aqui, pretendemos explicar claramente em que consiste esta proibi\u00e7\u00e3o de viagem, quais os pa\u00edses que afeta e, sobretudo, de que forma impacta os indiv\u00edduos envolvidos no Programa de Vistos de Diversidade ou que estejam a considerar candidatar-se, no \u00e2mbito da Proibi\u00e7\u00e3o de Viagem de Trump.<\/p>\n\n\n\n<div style=\"height:38px\" aria-hidden=\"true\" class=\"wp-block-spacer\"><\/div>\n\n\n\n<div class=\"wp-block-columns is-layout-flex wp-container-core-columns-is-layout-9d6595d7 wp-block-columns-is-layout-flex\">\n<div class=\"wp-block-column is-layout-flow wp-block-column-is-layout-flow\">\n<div style=\"height:20px\" aria-hidden=\"true\" class=\"wp-block-spacer\"><\/div>\n\n\n\n<div class=\"wp-block-rank-math-toc-block\" id=\"rank-math-toc\">\n    <h2 style=\"margin-bottom: 20px;\">\u00cdndice<\/h2> <!-- Add margin-bottom for space after the heading -->\n    <nav>\n        <ul style=\"padding-left: 20px;\"> <!-- Indent the list -->\n            <li style=\"margin-bottom: 10px;\"><a href=\"#what-is-the-new-travel-ban\">O que \u00e9 a Nova Proibi\u00e7\u00e3o de Viagem?<\/a><\/li>\n            <li style=\"margin-bottom: 10px;\"><a href=\"#presidential-statement-video-introduction\">Declara\u00e7\u00e3o Presidencial \u2013 Introdu\u00e7\u00e3o em V\u00eddeo<\/a><\/li>\n            <li style=\"margin-bottom: 10px;\"><a href=\"#which-countries-are-affected\">Quais s\u00e3o os pa\u00edses afetados pela Proibi\u00e7\u00e3o de Viagem de Trump?<\/a><\/li>\n            <li style=\"margin-bottom: 10px;\"><a href=\"#why-were-these-countries-chosen\">Porque foram escolhidos estes pa\u00edses?<\/a><\/li>\n            <li style=\"margin-bottom: 10px;\"><a href=\"#what-does-this-mean-for-diversity-visa-applicants\">O que significa isto para os candidatos ao Visto de Diversidade?<\/a><\/li>\n            <li style=\"margin-bottom: 10px;\"><a href=\"#important-reminder-this-ban-may-be-temporary-1\">Lembrete Importante: A Proibi\u00e7\u00e3o de Viagem de Trump \u00e9 Tempor\u00e1ria<\/a><\/li>\n            <li style=\"margin-bottom: 10px;\"><a href=\"#stay-informed-and-prepared\">Mantenha-se Informado e Preparado<\/a><\/li>\n            <li style=\"margin-bottom: 10px;\"><a href=\"#why-the-diversity-visa-program-is-so-valuable\">Porque o Programa de Vistos de Diversidade \u00e9 a sua melhor op\u00e7\u00e3o para obter o Cart\u00e3o de Resid\u00eancia (Green Card)<\/a><\/li>\n            <li style=\"margin-bottom: 10px;\"><a href=\"#why-the-diversity-visa-program-is-so-valuable-1\">Perguntas Frequentes sobre a Proibi\u00e7\u00e3o de Viagem de Trump e o Programa de Vistos de Diversidade.<\/a><\/li>\n        <\/ul>\n    <\/nav>\n<\/div>\n<\/div>\n\n\n\n<div class=\"wp-block-column is-layout-flow wp-block-column-is-layout-flow\">\n<figure class=\"wp-block-image size-large\"><img decoding=\"async\" width=\"1024\" height=\"683\" src=\"https:\/\/www.usgreencardoffice.com\/blog\/wp-content\/uploads\/2025\/06\/Trump-Travel-ban-1024x683.png\" alt=\"Proibi\u00e7\u00e3o de Viagem de Trump\" class=\"wp-image-7025\" srcset=\"https:\/\/www.usgreencardoffice.com\/blog\/wp-content\/uploads\/2025\/06\/Trump-Travel-ban-1024x683.png 1024w, https:\/\/www.usgreencardoffice.com\/blog\/wp-content\/uploads\/2025\/06\/Trump-Travel-ban-300x200.png 300w, https:\/\/www.usgreencardoffice.com\/blog\/wp-content\/uploads\/2025\/06\/Trump-Travel-ban-768x512.png 768w, https:\/\/www.usgreencardoffice.com\/blog\/wp-content\/uploads\/2025\/06\/Trump-Travel-ban.png 1536w\" sizes=\"(max-width: 1024px) 100vw, 1024px\" \/><\/figure>\n<\/div>\n<\/div>\n\n\n\n<h3 class=\"wp-block-heading\" id=\"what-is-the-new-travel-ban\">O que \u00e9 a Nova Proibi\u00e7\u00e3o de Viagem?<\/h3>\n\n\n\n<div style=\"height:20px\" aria-hidden=\"true\" class=\"wp-block-spacer\"><\/div>\n\n\n\n<p>A Proibi\u00e7\u00e3o de Viagem de Trump restringe ou pro\u00edbe a entrada nos Estados Unidos a cidad\u00e3os de determinados pa\u00edses. A proclama\u00e7\u00e3o recente do Presidente Trump visa refor\u00e7ar as restri\u00e7\u00f5es de entrada com base em <a href=\"https:\/\/www.whitehouse.gov\/presidential-actions\/2025\/01\/protecting-the-united-states-from-foreign-terrorists-and-othernational-security-and-public-safety-threats\/\" target=\"_blank\" rel=\"noreferrer noopener\">preocupa\u00e7\u00f5es de seguran\u00e7a nacional<\/a>, perman\u00eancias ilegais e quest\u00f5es relacionadas.<\/p>\n\n\n\n<div style=\"height:30px\" aria-hidden=\"true\" class=\"wp-block-spacer\"><\/div>\n\n\n\n<h3 class=\"wp-block-heading\" id=\"presidential-statement-video-introduction\">Declara\u00e7\u00e3o Presidencial \u2013 Introdu\u00e7\u00e3o em V\u00eddeo<\/h3>\n\n\n\n<div style=\"height:15px\" aria-hidden=\"true\" class=\"wp-block-spacer\"><\/div>\n\n\n\n<p>\u00c9 importante lembrar que o Presidente dos Estados Unidos tem como dever principal proteger a seguran\u00e7a e a integridade do pa\u00eds. Esta \u00e9 frequentemente a raz\u00e3o por detr\u00e1s de restri\u00e7\u00f5es tempor\u00e1rias como a recentemente introduzida.<\/p>\n\n\n\n<div style=\"height:15px\" aria-hidden=\"true\" class=\"wp-block-spacer\"><\/div>\n\n\n\n<p>Segue-se um v\u00eddeo em que o Presidente Donald Trump explica a raz\u00e3o por detr\u00e1s da nova ordem executiva da Proibi\u00e7\u00e3o de Viagem de Trump e das limita\u00e7\u00f5es de viagem. Embora estas medidas se concentrem na seguran\u00e7a nacional, n\u00e3o t\u00eam como objetivo bloquear a imigra\u00e7\u00e3o legal. Os indiv\u00edduos que se candidatam legalmente atrav\u00e9s de programas como o Visto de Diversidade continuam a ser considerados, mesmo que sejam de pa\u00edses atualmente sujeitos a restri\u00e7\u00f5es de viagem.<\/p>\n\n\n\n<div style=\"height:32px\" aria-hidden=\"true\" class=\"wp-block-spacer\"><\/div>\n\n\n\n<div class=\"wp-block-columns is-layout-flex wp-container-core-columns-is-layout-9d6595d7 wp-block-columns-is-layout-flex\">\n<div class=\"wp-block-column is-vertically-aligned-stretch is-layout-flow wp-block-column-is-layout-flow\" style=\"flex-basis:200px\"><\/div>\n\n\n\n<div class=\"wp-block-column is-layout-flow wp-block-column-is-layout-flow\">\n<figure class=\"wp-block-embed aligncenter is-type-video is-provider-youtube wp-block-embed-youtube wp-embed-aspect-16-9 wp-has-aspect-ratio\"><div class=\"wp-block-embed__wrapper\">\n<iframe title=\"President Donald J. Trump Signs Travel Restrictions Executive Order\" width=\"640\" height=\"360\" src=\"https:\/\/www.youtube.com\/embed\/LUHm8XZ0Nvo?feature=oembed\" frameborder=\"0\" allow=\"accelerometer; autoplay; clipboard-write; encrypted-media; gyroscope; picture-in-picture; web-share\" referrerpolicy=\"strict-origin-when-cross-origin\" allowfullscreen><\/iframe>\n<\/div><\/figure>\n<\/div>\n\n\n\n<div class=\"wp-block-column is-vertically-aligned-stretch is-layout-flow wp-block-column-is-layout-flow\" style=\"flex-basis:50px\"><\/div>\n<\/div>\n\n\n\n<div style=\"height:20px\" aria-hidden=\"true\" class=\"wp-block-spacer\"><\/div>\n\n\n\n<h3 class=\"wp-block-heading\" id=\"which-countries-are-affected\">Quais s\u00e3o os pa\u00edses afetados pela Proibi\u00e7\u00e3o de Viagem de Trump?<\/h3>\n\n\n\n<div style=\"height:20px\" aria-hidden=\"true\" class=\"wp-block-spacer\"><\/div>\n\n\n\n<div class=\"wp-block-columns is-layout-flex wp-container-core-columns-is-layout-9d6595d7 wp-block-columns-is-layout-flex\">\n<div class=\"wp-block-column is-layout-flow wp-block-column-is-layout-flow\">\n<p><strong>Proibi\u00e7\u00e3o Total:<\/strong> Os nacionais dos seguintes pa\u00edses enfrentam uma suspens\u00e3o completa de vistos de imigra\u00e7\u00e3o e n\u00e3o imigra\u00e7\u00e3o.<\/p>\n\n\n\n<div style=\"height:15px\" aria-hidden=\"true\" class=\"wp-block-spacer\"><\/div>\n\n\n\n<ul class=\"wp-block-list\">\n<li>Afeganist\u00e3o<\/li>\n\n\n\n<li>Mianmar<\/li>\n\n\n\n<li>Chade<\/li>\n\n\n\n<li>Rep\u00fablica do Congo<\/li>\n\n\n\n<li>Guin\u00e9 Equatorial<\/li>\n\n\n\n<li>Eritreia<\/li>\n\n\n\n<li>Haiti<\/li>\n\n\n\n<li>Ir\u00e3o<\/li>\n\n\n\n<li>L\u00edbia<\/li>\n\n\n\n<li>Som\u00e1lia<\/li>\n\n\n\n<li>Sud\u00e3o<\/li>\n\n\n\n<li>I\u00e9men<\/li>\n<\/ul>\n<\/div>\n\n\n\n<div class=\"wp-block-column is-layout-flow wp-block-column-is-layout-flow\">\n<p><strong>Proibi\u00e7\u00e3o Parcial:<\/strong> Restri\u00e7\u00f5es limitadas aplicam-se aos cidad\u00e3os destes pa\u00edses.<\/p>\n\n\n\n<div style=\"height:35px\" aria-hidden=\"true\" class=\"wp-block-spacer\"><\/div>\n\n\n\n<ul class=\"wp-block-list\">\n<li>Burundi<\/li>\n\n\n\n<li>Cuba<\/li>\n\n\n\n<li>Laos<\/li>\n\n\n\n<li>Serra Leoa<\/li>\n\n\n\n<li>Togo<\/li>\n\n\n\n<li>Turquemenist\u00e3o<\/li>\n\n\n\n<li>Venezuela<\/li>\n<\/ul>\n<\/div>\n<\/div>\n\n\n\n<h3 class=\"wp-block-heading\" id=\"why-were-these-countries-chosen\">Porque foram escolhidos estes pa\u00edses?<\/h3>\n\n\n\n<div style=\"height:20px\" aria-hidden=\"true\" class=\"wp-block-spacer\"><\/div>\n\n\n\n<p>Os principais motivos citados para estas restri\u00e7\u00f5es incluem:<\/p>\n\n\n\n<div style=\"height:15px\" aria-hidden=\"true\" class=\"wp-block-spacer\"><\/div>\n\n\n\n<ul class=\"wp-block-list\">\n<li>Falta de sistemas fi\u00e1veis de passaportes e identifica\u00e7\u00e3o.<\/li>\n\n\n\n<li>Elevadas taxas de perman\u00eancias ilegais com visto.<\/li>\n\n\n\n<li>Preocupa\u00e7\u00f5es relacionadas com o terrorismo ou controlos de seguran\u00e7a inadequados.<\/li>\n<\/ul>\n\n\n\n<div style=\"height:20px\" aria-hidden=\"true\" class=\"wp-block-spacer\"><\/div>\n\n\n\n<h3 class=\"wp-block-heading\" id=\"what-does-this-mean-for-diversity-visa-applicants\">O que significa isto para os candidatos ao Visto de Diversidade?<\/h3>\n\n\n\n<div style=\"height:20px\" aria-hidden=\"true\" class=\"wp-block-spacer\"><\/div>\n\n\n\n<p>\u00c9 essencial esclarecer alguns pontos importantes para tranquilizar os participantes do Programa de Vistos de Diversidade:<\/p>\n\n\n\n<div style=\"height:20px\" aria-hidden=\"true\" class=\"wp-block-spacer\"><\/div>\n\n\n\n<ol start=\"1\" class=\"wp-block-list\">\n<li><strong>Candidatos J\u00e1 Selecionados e Aprovados:<\/strong>\n<ul class=\"wp-block-list\">\n<li>Se j\u00e1 foi selecionado no Programa de Vistos de Diversidade e passou com sucesso a sua entrevista para o visto numa embaixada dos EUA, n\u00e3o dever\u00e1 preocupar-se. Regra geral, se o seu visto de imigra\u00e7\u00e3o tiver sido emitido antes da data de entrada em vigor da proibi\u00e7\u00e3o de viagem (9 de junho de 2025), continuar\u00e1 a ser autorizado a entrar nos Estados Unidos.<br><br><\/li>\n<\/ul>\n<\/li>\n\n\n\n<li><strong>Candidatos a Aguardar Entrevista ou Emiss\u00e3o de Visto:<\/strong>\n<ul class=\"wp-block-list\">\n<li>Os indiv\u00edduos dos pa\u00edses afetados que aguardam atualmente as suas entrevistas na embaixada devem igualmente manter-se otimistas. Historicamente, este tipo de ordens executivas enfrenta frequentemente contesta\u00e7\u00f5es legais nos tribunais dos EUA, o que pode levar \u00e0 anula\u00e7\u00e3o parcial ou total das proibi\u00e7\u00f5es. \u00c9 importante manter-se informado e continuar os preparativos para a sua entrevista.<br><br><\/li>\n<\/ul>\n<\/li>\n\n\n\n<li><strong>Novos Candidatos ao Programa de Vistos de Diversidade:<\/strong>\n<ul class=\"wp-block-list\">\n<li>Mesmo que tenha nascido num dos pa\u00edses inclu\u00eddos na proibi\u00e7\u00e3o de viagem, continua eleg\u00edvel para se candidatar ao Programa de Vistos de Diversidade, desde que o seu pa\u00eds conste da lista oficial de pa\u00edses eleg\u00edveis. At\u00e9 ao momento, o Presidente Trump n\u00e3o alterou esta lista, e os crit\u00e9rios de elegibilidade para o pr\u00f3prio Programa de Vistos de Diversidade mant\u00eam-se inalterados.<\/li>\n<\/ul>\n<\/li>\n<\/ol>\n\n\n\n<div style=\"height:20px\" aria-hidden=\"true\" class=\"wp-block-spacer\"><\/div>\n\n\n\n<div class=\"wp-block-columns is-layout-flex wp-container-core-columns-is-layout-9d6595d7 wp-block-columns-is-layout-flex\">\n<div class=\"wp-block-column is-layout-flow wp-block-column-is-layout-flow\">\n<h3 class=\"wp-block-heading\" id=\"important-reminder-this-ban-may-be-temporary-1\">Lembrete Importante: A Proibi\u00e7\u00e3o de Viagem de Trump \u00e9 Tempor\u00e1ria<\/h3>\n\n\n\n<div style=\"height:15px\" aria-hidden=\"true\" class=\"wp-block-spacer\"><\/div>\n\n\n\n<p>Ordens executivas e proclama\u00e7\u00f5es presidenciais, especialmente as relacionadas com a imigra\u00e7\u00e3o, s\u00e3o frequentemente revistas e contestadas nos tribunais dos EUA. Muitos especialistas jur\u00eddicos esperam que esta proclama\u00e7\u00e3o enfrente escrut\u00ednio judicial, podendo resultar em modifica\u00e7\u00f5es ou at\u00e9 na anula\u00e7\u00e3o de algumas ou de todas as restri\u00e7\u00f5es.<\/p>\n\n\n\n<div style=\"height:15px\" aria-hidden=\"true\" class=\"wp-block-spacer\"><\/div>\n\n\n\n<p>Assim, os candidatos e selecionados devem manter o otimismo e continuar com os seus processos de DV conforme planeado.<\/p>\n\n\n\n<div style=\"height:28px\" aria-hidden=\"true\" class=\"wp-block-spacer\"><\/div>\n\n\n\n<figure class=\"wp-block-image size-full\"><a href=\"https:\/\/www.usgreencardoffice.com\/pt\/apply\"><img decoding=\"async\" width=\"245\" height=\"59\" src=\"https:\/\/www.usgreencardoffice.com\/blog\/wp-content\/uploads\/2022\/01\/apply-now.gif\" alt=\"Cart\u00e3o de Resid\u00eancia baseado em casamento\" class=\"wp-image-3087\"\/><\/a><\/figure>\n<\/div>\n\n\n\n<div class=\"wp-block-column is-layout-flow wp-block-column-is-layout-flow\">\n<figure class=\"wp-block-image size-large\"><img decoding=\"async\" width=\"1024\" height=\"771\" src=\"https:\/\/www.usgreencardoffice.com\/blog\/wp-content\/uploads\/2025\/06\/man-with-no-ban-2025-sign-1024x771.png\" alt=\"\" class=\"wp-image-7055\" srcset=\"https:\/\/www.usgreencardoffice.com\/blog\/wp-content\/uploads\/2025\/06\/man-with-no-ban-2025-sign-1024x771.png 1024w, https:\/\/www.usgreencardoffice.com\/blog\/wp-content\/uploads\/2025\/06\/man-with-no-ban-2025-sign-300x226.png 300w, https:\/\/www.usgreencardoffice.com\/blog\/wp-content\/uploads\/2025\/06\/man-with-no-ban-2025-sign-768x578.png 768w, https:\/\/www.usgreencardoffice.com\/blog\/wp-content\/uploads\/2025\/06\/man-with-no-ban-2025-sign.png 1232w\" sizes=\"(max-width: 1024px) 100vw, 1024px\" \/><\/figure>\n<\/div>\n<\/div>\n\n\n\n<div style=\"height:20px\" aria-hidden=\"true\" class=\"wp-block-spacer\"><\/div>\n\n\n\n<h3 class=\"wp-block-heading\" id=\"stay-informed-and-prepared\">Mantenha-se Informado e Preparado<\/h3>\n\n\n\n<div style=\"height:20px\" aria-hidden=\"true\" class=\"wp-block-spacer\"><\/div>\n\n\n\n<p>Aconselhamos vivamente todas as pessoas afetadas ou preocupadas com esta proibi\u00e7\u00e3o a manterem os seus documentos em ordem, a continuarem os preparativos para as suas entrevistas de DV e a manterem-se regularmente atualizadas atrav\u00e9s de fontes fidedignas. \u00c9 aconselh\u00e1vel consultar um advogado de imigra\u00e7\u00e3o ou as comunica\u00e7\u00f5es oficiais da embaixada dos EUA para obter orienta\u00e7\u00e3o personalizada.<\/p>\n\n\n\n<div style=\"height:20px\" aria-hidden=\"true\" class=\"wp-block-spacer\"><\/div>\n\n\n\n<p>Para uma lista completa dos pa\u00edses eleg\u00edveis para o Programa de Vistos de Diversidade, consulte a nossa lista detalhada na p\u00e1gina oficial de elegibilidade do Programa DV no nosso site.<\/p>\n\n\n\n<div style=\"height:20px\" aria-hidden=\"true\" class=\"wp-block-spacer\"><\/div>\n\n\n\n<p>Esteja certo de que as principais oportunidades oferecidas pelo Programa de Vistos de Diversidade permanecem intactas, e os potenciais candidatos devem prosseguir com confian\u00e7a os seus sonhos de imigrar para os Estados Unidos.<\/p>\n\n\n\n<div style=\"height:20px\" aria-hidden=\"true\" class=\"wp-block-spacer\"><\/div>\n\n\n\n<h3 class=\"wp-block-heading\" id=\"why-the-diversity-visa-program-is-so-valuable\">Porque o Programa de Vistos de Diversidade \u00e9 a sua melhor op\u00e7\u00e3o para obter o Cart\u00e3o de Resid\u00eancia (Green Card)<\/h3>\n\n\n\n<div style=\"height:20px\" aria-hidden=\"true\" class=\"wp-block-spacer\"><\/div>\n\n\n\n<p>O Programa de Vistos de Diversidade \u00e9 uma via significativa e popular para a imigra\u00e7\u00e3o para os Estados Unidos, oferecendo oportunidades a milh\u00f5es de pessoas em todo o mundo. O seu objetivo principal \u00e9 aumentar a diversidade nos EUA, permitindo que indiv\u00edduos de pa\u00edses com taxas historicamente mais baixas de imigra\u00e7\u00e3o obtenham resid\u00eancia permanente (Cart\u00e3o de Resid\u00eancia).<\/p>\n\n\n\n<div style=\"height:20px\" aria-hidden=\"true\" class=\"wp-block-spacer\"><\/div>\n\n\n\n<p>Todos os anos, milh\u00f5es de pessoas candidatam-se a esta oportunidade \u00fanica, reconhecendo-a como uma das formas mais f\u00e1ceis e acess\u00edveis de obter resid\u00eancia permanente nos Estados Unidos. A simplicidade e a justi\u00e7a do programa s\u00e3o os principais atrativos:<\/p>\n\n\n\n<div style=\"height:20px\" aria-hidden=\"true\" class=\"wp-block-spacer\"><\/div>\n\n\n\n<ul class=\"wp-block-list\">\n<li><strong>Pa\u00edses Eleg\u00edveis:<\/strong> S\u00e3o eleg\u00edveis os pa\u00edses dos quais menos de 50.000 imigrantes se mudaram para os EUA nos \u00faltimos cinco anos.<br><br><\/li>\n\n\n\n<li><strong>Requisitos B\u00e1sicos de Elegibilidade: <\/strong>Para al\u00e9m de ser natural de um pa\u00eds eleg\u00edvel, o \u00fanico outro requisito \u00e9 ter, no m\u00ednimo, o ensino secund\u00e1rio completo ou, em alternativa, pelo menos dois anos de experi\u00eancia profissional numa fun\u00e7\u00e3o que exija um m\u00ednimo de dois anos de forma\u00e7\u00e3o.<\/li>\n<\/ul>\n\n\n\n<div style=\"height:20px\" aria-hidden=\"true\" class=\"wp-block-spacer\"><\/div>\n\n\n\n<p>Estes requisitos simples tornam o Programa de Vistos de Diversidade excecionalmente acess\u00edvel a pessoas de origens e pa\u00edses diversos.<\/p>\n\n\n\n<div style=\"height:37px\" aria-hidden=\"true\" class=\"wp-block-spacer\"><\/div>\n\n\n\n<script type=\"application\/ld+json\">{\n  \"@context\": \"https:\/\/schema.org\",\n  \"@type\": \"FAQPage\",\n  \"mainEntity\": [\n    {\n      \"@type\": \"Question\",\n      \"name\": \"Am I still eligible to apply for the DV Program if I\u2019m from a banned country?\",\n      \"acceptedAnswer\": {\n        \"@type\": \"Answer\",\n        \"text\": \"Yes, as long as your country is on the list of qualifying countries, you can still apply.\"\n      }\n    },\n    {\n      \"@type\": \"Question\",\n      \"name\": \"What if I\u2019ve already won the DV Lottery and passed my interview?\",\n      \"acceptedAnswer\": {\n        \"@type\": \"Answer\",\n        \"text\": \"You should not be affected and can proceed with your move to the United States.\"\n      }\n    },\n    {\n      \"@type\": \"Question\",\n      \"name\": \"Does the Trump Travel Ban change the list of qualifying DV countries?\",\n      \"acceptedAnswer\": {\n        \"@type\": \"Answer\",\n        \"text\": \"No, the list of qualifying countries for the DV Program has not changed.\"\n      }\n    },\n    {\n      \"@type\": \"Question\",\n      \"name\": \"Can I still attend my DV interview if I\u2019m from one of the banned countries?\",\n      \"acceptedAnswer\": {\n        \"@type\": \"Answer\",\n        \"text\": \"Yes, you should attend your scheduled interview as normal unless told otherwise.\"\n      }\n    },\n    {\n      \"@type\": \"Question\",\n      \"name\": \"Will the Trump Travel Ban be permanent?\",\n      \"acceptedAnswer\": {\n        \"@type\": \"Answer\",\n        \"text\": \"Most likely not. The ban may be challenged in court and could be overturned or modified. Trump could also remove the ban when needed.\"\n      }\n    },\n    {\n      \"@type\": \"Question\",\n      \"name\": \"What are the basic requirements to apply for the DV Program?\",\n      \"acceptedAnswer\": {\n        \"@type\": \"Answer\",\n        \"text\": \"You must be born in a qualifying country and have a high school diploma or two years of qualifying work experience.\"\n      }\n    },\n    {\n      \"@type\": \"Question\",\n      \"name\": \"Where can I get more help or information about the DV Program?\",\n      \"acceptedAnswer\": {\n        \"@type\": \"Answer\",\n        \"text\": \"Visit our FAQ page or contact our support team for guidance: https:\/\/www.usgreencardoffice.com\/frequently-asked-green-card-lottery-questions\"\n      }\n    }\n  ]\n}\n<\/script>\n\n\n\n<h2 style=\"text-align:center; font-family:'Helvetica Neue', Helvetica, Arial, sans-serif; font-size:32px; font-weight:500; line-height:38px; color:#212529; margin-bottom: 30px;\">\n Perguntas Frequentes sobre a Proibi\u00e7\u00e3o de Viagem de Trump e o Programa de Vistos de Diversidade\n<\/h2>\n\n<div style=\"width:90%; max-width:800px; margin:auto; background-color:#ffffff; border-radius:8px; box-shadow:0 4px 10px rgba(0,0,0,0.1); padding:20px;\">\n\n  <details style=\"margin-bottom:15px; border-radius:6px; overflow:hidden;\">\n    <summary style=\"cursor:pointer; background-color:#0056a0; color:#ffffff; padding:15px 20px; font-size:16px; font-weight:500;\">\n Ainda sou eleg\u00edvel para me candidatar ao Programa de Vistos de Diversidade se for de um pa\u00eds abrangido pela proibi\u00e7\u00e3o?\n    <\/summary>\n    <div style=\"background-color:#e9f0fa; padding:15px 20px; font-size:15px; line-height:22px; color:#212529; border-left:4px solid #0056a0;\">\n Sim, desde que o seu pa\u00eds esteja na lista de pa\u00edses eleg\u00edveis, pode candidatar-se na mesma.\n    <\/div>\n  <\/details>\n\n  <details style=\"margin-bottom:15px; border-radius:6px; overflow:hidden;\">\n    <summary style=\"cursor:pointer; background-color:#0056a0; color:#ffffff; padding:15px 20px; font-size:16px; font-weight:500;\">\n E se j\u00e1 tiver sido selecionado na Loteria de Vistos de Diversidade e passado na minha entrevista?\n    <\/summary>\n    <div style=\"background-color:#e9f0fa; padding:15px 20px; font-size:15px; line-height:22px; color:#212529; border-left:4px solid #0056a0;\">\n N\u00e3o dever\u00e1 ser afetado e pode prosseguir com a sua mudan\u00e7a para os Estados Unidos.\n    <\/div>\n  <\/details>\n\n  <details style=\"margin-bottom:15px; border-radius:6px; overflow:hidden;\">\n    <summary style=\"cursor:pointer; background-color:#0056a0; color:#ffffff; padding:15px 20px; font-size:16px; font-weight:500;\">\n A Proibi\u00e7\u00e3o de Viagem de Trump altera a lista de pa\u00edses eleg\u00edveis para o Programa de Vistos de Diversidade?\n    <\/summary>\n    <div style=\"background-color:#e9f0fa; padding:15px 20px; font-size:15px; line-height:22px; color:#212529; border-left:4px solid #0056a0;\">\n N\u00e3o, a lista de pa\u00edses eleg\u00edveis para o Programa de Vistos de Diversidade n\u00e3o foi alterada.\n    <\/div>\n  <\/details>\n\n  <details style=\"margin-bottom:15px; border-radius:6px; overflow:hidden;\">\n    <summary style=\"cursor:pointer; background-color:#0056a0; color:#ffffff; padding:15px 20px; font-size:16px; font-weight:500;\">\n Posso ainda comparecer \u00e0 minha entrevista de DV se for de um dos pa\u00edses abrangidos pela proibi\u00e7\u00e3o?\n    <\/summary>\n    <div style=\"background-color:#e9f0fa; padding:15px 20px; font-size:15px; line-height:22px; color:#212529; border-left:4px solid #0056a0;\">\n Sim, deve comparecer \u00e0 entrevista agendada normalmente, salvo indica\u00e7\u00e3o em contr\u00e1rio.\n    <\/div>\n  <\/details>\n\n  <details style=\"margin-bottom:15px; border-radius:6px; overflow:hidden;\">\n    <summary style=\"cursor:pointer; background-color:#0056a0; color:#ffffff; padding:15px 20px; font-size:16px; font-weight:500;\">\n A Proibi\u00e7\u00e3o de Viagem de Trump ser\u00e1 permanente?\n    <\/summary>\n    <div style=\"background-color:#e9f0fa; padding:15px 20px; font-size:15px; line-height:22px; color:#212529; border-left:4px solid #0056a0;\">\n Muito provavelmente n\u00e3o. A proibi\u00e7\u00e3o pode ser contestada em tribunal e pode ser anulada ou modificada. Trump tamb\u00e9m pode remover a proibi\u00e7\u00e3o quando necess\u00e1rio.\n    <\/div>\n  <\/details>\n\n  <details style=\"margin-bottom:15px; border-radius:6px; overflow:hidden;\">\n    <summary style=\"cursor:pointer; background-color:#0056a0; color:#ffffff; padding:15px 20px; font-size:16px; font-weight:500;\">\n Quais s\u00e3o os requisitos b\u00e1sicos para se candidatar ao Programa de Vistos de Diversidade?\n    <\/summary>\n    <div style=\"background-color:#e9f0fa; padding:15px 20px; font-size:15px; line-height:22px; color:#212529; border-left:4px solid #0056a0;\">\n Deve ter nascido num pa\u00eds eleg\u00edvel e possuir um diploma de ensino secund\u00e1rio ou dois anos de experi\u00eancia profissional qualificada.\n    <\/div>\n  <\/details>\n\n  <details style=\"margin-bottom:15px; border-radius:6px; overflow:hidden;\">\n    <summary style=\"cursor:pointer; background-color:#0056a0; color:#ffffff; padding:15px 20px; font-size:16px; font-weight:500;\">\n Onde posso obter mais ajuda ou informa\u00e7\u00f5es sobre o Programa de Vistos de Diversidade?\n    <\/summary>\n    <div style=\"background-color:#e9f0fa; padding:15px 20px; font-size:15px; line-height:22px; color:#212529; border-left:4px solid #0056a0;\">\n Visite a nossa p\u00e1gina de Perguntas Frequentes ou contacte a nossa equipa de apoio para orienta\u00e7\u00e3o: <a href=\"https:\/\/www.usgreencardoffice.com\/frequently-asked-green-card-lottery-questions\" style=\"color:#0056a0;\">https:\/\/www.usgreencardoffice.com\/frequently-asked-green-card-lottery-questions<\/a>\n    <\/div>\n  <\/details>\n\n<\/div>\n\n\n\n<div style=\"height:25px\" aria-hidden=\"true\" class=\"wp-block-spacer\"><\/div>\n\n\n\n<div style=\"height:16px\" aria-hidden=\"true\" class=\"wp-block-spacer\"><\/div>\n\n\n\n<hr class=\"wp-block-separator has-alpha-channel-opacity\"\/>\n\n\n\n<p><strong>Encorajamo-lo a manter-se otimista, informado e proativo na sua busca pelo Sonho Americano atrav\u00e9s do Programa de Vistos de Diversidade.<\/strong><\/p>\n\n\n\n<div style=\"height:42px\" aria-hidden=\"true\" class=\"wp-block-spacer\"><\/div>\n\n\n<div class=\"wp-block-image\">\n<figure class=\"aligncenter size-full\"><a href=\"https:\/\/www.usgreencardoffice.com\/pt\/apply\"><img decoding=\"async\" width=\"728\" height=\"90\" src=\"https:\/\/www.usgreencardoffice.com\/blog\/wp-content\/uploads\/2022\/06\/acf3c043.gif\" alt=\"Cart\u00e3o de Resid\u00eancia baseado em casamento\" class=\"wp-image-4094\"\/><\/a><\/figure>\n<\/div>\n\n\n<div style=\"height:56px\" aria-hidden=\"true\" class=\"wp-block-spacer\"><\/div>\n\n\n\n<p><\/p>\n","protected":false},"excerpt":{"rendered":"<p>Compreender a Nova Proibi\u00e7\u00e3o de Viagem de Trump e o Seu Impacto sobre o Programa de Vistos de Diversidade Quem \u00e9 afetado? O Presidente Donald Trump anunciou recentemente uma proibi\u00e7\u00e3o de viagem significativa de Trump, que afeta cidad\u00e3os de v\u00e1rios pa\u00edses. Este an\u00fancio causou, compreensivelmente, preocupa\u00e7\u00e3o entre muitos candidatos potenciais e atuais ao Programa de [&hellip;]<\/p>\n","protected":false},"author":1,"featured_media":7033,"comment_status":"closed","ping_status":"closed","sticky":false,"template":"","format":"standard","meta":{"footnotes":""},"categories":[84],"tags":[],"class_list":["post-7363","post","type-post","status-publish","format-standard","has-post-thumbnail","hentry","category-about-the-usa-pt"],"_links":{"self":[{"href":"https:\/\/www.usgreencardoffice.com\/blog\/pt-pt\/wp-json\/wp\/v2\/posts\/7363","targetHints":{"allow":["GET"]}}],"collection":[{"href":"https:\/\/www.usgreencardoffice.com\/blog\/pt-pt\/wp-json\/wp\/v2\/posts"}],"about":[{"href":"https:\/\/www.usgreencardoffice.com\/blog\/pt-pt\/wp-json\/wp\/v2\/types\/post"}],"author":[{"embeddable":true,"href":"https:\/\/www.usgreencardoffice.com\/blog\/pt-pt\/wp-json\/wp\/v2\/users\/1"}],"replies":[{"embeddable":true,"href":"https:\/\/www.usgreencardoffice.com\/blog\/pt-pt\/wp-json\/wp\/v2\/comments?post=7363"}],"version-history":[{"count":3,"href":"https:\/\/www.usgreencardoffice.com\/blog\/pt-pt\/wp-json\/wp\/v2\/posts\/7363\/revisions"}],"predecessor-version":[{"id":9233,"href":"https:\/\/www.usgreencardoffice.com\/blog\/pt-pt\/wp-json\/wp\/v2\/posts\/7363\/revisions\/9233"}],"wp:featuredmedia":[{"embeddable":true,"href":"https:\/\/www.usgreencardoffice.com\/blog\/pt-pt\/wp-json\/wp\/v2\/media\/7033"}],"wp:attachment":[{"href":"https:\/\/www.usgreencardoffice.com\/blog\/pt-pt\/wp-json\/wp\/v2\/media?parent=7363"}],"wp:term":[{"taxonomy":"category","embeddable":true,"href":"https:\/\/www.usgreencardoffice.com\/blog\/pt-pt\/wp-json\/wp\/v2\/categories?post=7363"},{"taxonomy":"post_tag","embeddable":true,"href":"https:\/\/www.usgreencardoffice.com\/blog\/pt-pt\/wp-json\/wp\/v2\/tags?post=7363"}],"curies":[{"name":"wp","href":"https:\/\/api.w.org\/{rel}","templated":true}]}}