{"id":7310,"date":"2025-06-05T08:22:46","date_gmt":"2025-06-05T07:22:46","guid":{"rendered":"https:\/\/www.usgreencardoffice.com\/blog?p=7310"},"modified":"2025-06-30T07:15:35","modified_gmt":"2025-06-30T06:15:35","slug":"prohibicion-de-viajes-de-trump-programa-de-visas-de-diversidad","status":"publish","type":"post","link":"https:\/\/www.usgreencardoffice.com\/blog\/es\/prohibicion-de-viajes-de-trump-programa-de-visas-de-diversidad","title":{"rendered":"Prohibici\u00f3n de viajes de Trump Programa de Visas de Diversidad 2025"},"content":{"rendered":"\n<h2 class=\"wp-block-heading has-text-align-center\" id=\"understanding-trumps-new-travel-ban-and-its-impact-on-the-diversity-visa-program\">Comprendiendo el nuevo veto migratorio de Trump y su impacto <br>en el Programa de Visas de Diversidad \u00bfQui\u00e9n est\u00e1 afectado?<\/h2>\n\n\n\n<div style=\"height:25px\" aria-hidden=\"true\" class=\"wp-block-spacer\"><\/div>\n\n\n\n<p>El presidente Donald Trump ha anunciado recientemente un veto migratorio significativo que afecta a ciudadanos de varios pa\u00edses. Es comprensible que este anuncio haya causado preocupaci\u00f3n entre muchos solicitantes potenciales y actuales del Programa de Visas de Diversidad (DV). Aqu\u00ed, nuestro objetivo es explicar claramente qu\u00e9 implica esta prohibici\u00f3n de viajes, a qu\u00e9 pa\u00edses afecta y, lo que es m\u00e1s importante, c\u00f3mo afecta a las personas involucradas o que est\u00e1n considerando postularse al Programa DV bajo la Prohibici\u00f3n de Viajes de Trump.<\/p>\n\n\n\n<div style=\"height:38px\" aria-hidden=\"true\" class=\"wp-block-spacer\"><\/div>\n\n\n\n<div class=\"wp-block-columns is-layout-flex wp-container-core-columns-is-layout-9d6595d7 wp-block-columns-is-layout-flex\">\n<div class=\"wp-block-column is-layout-flow wp-block-column-is-layout-flow\">\n<div style=\"height:20px\" aria-hidden=\"true\" class=\"wp-block-spacer\"><\/div>\n\n\n\n<div class=\"wp-block-rank-math-toc-block\" id=\"rank-math-toc\">\n    <h2 style=\"margin-bottom: 20px;\">\u00cdndice<\/h2> <!-- Add margin-bottom for space after the heading -->\n    <nav>\n        <ul style=\"padding-left: 20px;\"> <!-- Indent the list -->\n            <li style=\"margin-bottom: 10px;\"><a href=\"#what-is-the-new-travel-ban\">\u00bfQu\u00e9 es la nueva prohibici\u00f3n de viajar?<\/a><\/li>\n            <li style=\"margin-bottom: 10px;\"><a href=\"#presidential-statement-video-introduction\">Declaraci\u00f3n Presidencial \u2013 Presentaci\u00f3n en video<\/a><\/li>\n            <li style=\"margin-bottom: 10px;\"><a href=\"#which-countries-are-affected\">\u00bfQu\u00e9 pa\u00edses se ven afectados por la prohibici\u00f3n de viajes de Trump?<\/a><\/li>\n            <li style=\"margin-bottom: 10px;\"><a href=\"#why-were-these-countries-chosen\">\u00bfPor qu\u00e9 se eligieron estos pa\u00edses?<\/a><\/li>\n            <li style=\"margin-bottom: 10px;\"><a href=\"#what-does-this-mean-for-diversity-visa-applicants\">\u00bfQu\u00e9 significa esto para las solicitantes de visas de diversidad?<\/a><\/li>\n            <li style=\"margin-bottom: 10px;\"><a href=\"#important-reminder-this-ban-may-be-temporary-1\">Recordatorio importante: la prohibici\u00f3n de viajes de Trump es temporal<\/a><\/li>\n            <li style=\"margin-bottom: 10px;\"><a href=\"#stay-informed-and-prepared\">Mantente informado y preparado.<\/a><\/li>\n            <li style=\"margin-bottom: 10px;\"><a href=\"#why-the-diversity-visa-program-is-so-valuable\">Por qu\u00e9 el Programa de Visas de Diversidad es tu mejor opci\u00f3n para obtener una Tarjeta Verde<\/a><\/li>\n            <li style=\"margin-bottom: 10px;\"><a href=\"#why-the-diversity-visa-program-is-so-valuable-1\">Preguntas frecuentes sobre el veto migratorio de Trump y el Programa de Visas de Diversidad.<\/a><\/li>\n        <\/ul>\n    <\/nav>\n<\/div>\n<\/div>\n\n\n\n<div class=\"wp-block-column is-layout-flow wp-block-column-is-layout-flow\">\n<figure class=\"wp-block-image size-large\"><img decoding=\"async\" width=\"1024\" height=\"683\" src=\"https:\/\/www.usgreencardoffice.com\/blog\/wp-content\/uploads\/2025\/06\/Trump-Travel-ban-1024x683.png\" alt=\"Veto migratorio de Trump\" class=\"wp-image-7025\" srcset=\"https:\/\/www.usgreencardoffice.com\/blog\/wp-content\/uploads\/2025\/06\/Trump-Travel-ban-1024x683.png 1024w, https:\/\/www.usgreencardoffice.com\/blog\/wp-content\/uploads\/2025\/06\/Trump-Travel-ban-300x200.png 300w, https:\/\/www.usgreencardoffice.com\/blog\/wp-content\/uploads\/2025\/06\/Trump-Travel-ban-768x512.png 768w, https:\/\/www.usgreencardoffice.com\/blog\/wp-content\/uploads\/2025\/06\/Trump-Travel-ban.png 1536w\" sizes=\"(max-width: 1024px) 100vw, 1024px\" \/><\/figure>\n<\/div>\n<\/div>\n\n\n\n<h3 class=\"wp-block-heading\" id=\"what-is-the-new-travel-ban\">\u00bfQu\u00e9 es la nueva prohibici\u00f3n de viajar?<\/h3>\n\n\n\n<div style=\"height:20px\" aria-hidden=\"true\" class=\"wp-block-spacer\"><\/div>\n\n\n\n<p>La prohibici\u00f3n de viajes de Trump restringe o proh\u00edbe la entrada a los Estados Unidos a ciudadanos de pa\u00edses espec\u00edficos. La reciente proclamaci\u00f3n del presidente Trump tiene como objetivo endurecer las restricciones de entrada <a href=\"https:\/\/www.whitehouse.gov\/presidential-actions\/2025\/01\/protecting-the-united-states-from-foreign-terrorists-and-othernational-security-and-public-safety-threats\/\" target=\"_blank\" rel=\"noreferrer noopener\">debido a preocupaciones de seguridad nacional,<\/a> estad\u00edas vencidas por visas y cuestiones relacionadas.<\/p>\n\n\n\n<div style=\"height:30px\" aria-hidden=\"true\" class=\"wp-block-spacer\"><\/div>\n\n\n\n<h3 class=\"wp-block-heading\" id=\"presidential-statement-video-introduction\">Declaraci\u00f3n Presidencial \u2013 Presentaci\u00f3n en video<\/h3>\n\n\n\n<div style=\"height:15px\" aria-hidden=\"true\" class=\"wp-block-spacer\"><\/div>\n\n\n\n<p>Es importante recordar que el Presidente de los Estados Unidos tiene el deber primordial de proteger la seguridad del pa\u00eds. Esta suele ser la raz\u00f3n detr\u00e1s de restricciones temporales como la que se introdujo recientemente.<\/p>\n\n\n\n<div style=\"height:15px\" aria-hidden=\"true\" class=\"wp-block-spacer\"><\/div>\n\n\n\n<p>A continuaci\u00f3n se muestra un video donde el presidente Donald Trump explica el razonamiento detr\u00e1s de la nueva orden ejecutiva de prohibici\u00f3n de viajes de Trump y las limitaciones de viaje. Si bien estas medidas est\u00e1n enfocadas en la seguridad nacional, no tienen como objetivo bloquear la inmigraci\u00f3n legal. Las personas que solicitan legalmente a trav\u00e9s de programas como el de Visas de Diversidad a\u00fan est\u00e1n siendo consideradas, incluso si provienen de pa\u00edses que actualmente est\u00e1n bajo restricciones de viaje.<\/p>\n\n\n\n<div style=\"height:32px\" aria-hidden=\"true\" class=\"wp-block-spacer\"><\/div>\n\n\n\n<div class=\"wp-block-columns is-layout-flex wp-container-core-columns-is-layout-9d6595d7 wp-block-columns-is-layout-flex\">\n<div class=\"wp-block-column is-vertically-aligned-stretch is-layout-flow wp-block-column-is-layout-flow\" style=\"flex-basis:200px\"><\/div>\n\n\n\n<div class=\"wp-block-column is-layout-flow wp-block-column-is-layout-flow\">\n<figure class=\"wp-block-embed aligncenter is-type-video is-provider-youtube wp-block-embed-youtube wp-embed-aspect-16-9 wp-has-aspect-ratio\"><div class=\"wp-block-embed__wrapper\">\n<iframe title=\"President Donald J. Trump Signs Travel Restrictions Executive Order\" width=\"640\" height=\"360\" src=\"https:\/\/www.youtube.com\/embed\/LUHm8XZ0Nvo?feature=oembed\" frameborder=\"0\" allow=\"accelerometer; autoplay; clipboard-write; encrypted-media; gyroscope; picture-in-picture; web-share\" referrerpolicy=\"strict-origin-when-cross-origin\" allowfullscreen><\/iframe>\n<\/div><\/figure>\n<\/div>\n\n\n\n<div class=\"wp-block-column is-vertically-aligned-stretch is-layout-flow wp-block-column-is-layout-flow\" style=\"flex-basis:50px\"><\/div>\n<\/div>\n\n\n\n<div style=\"height:20px\" aria-hidden=\"true\" class=\"wp-block-spacer\"><\/div>\n\n\n\n<h3 class=\"wp-block-heading\" id=\"which-countries-are-affected\">\u00bfQu\u00e9 pa\u00edses se ven afectados por la prohibici\u00f3n de viajes de Trump?<\/h3>\n\n\n\n<div style=\"height:20px\" aria-hidden=\"true\" class=\"wp-block-spacer\"><\/div>\n\n\n\n<div class=\"wp-block-columns is-layout-flex wp-container-core-columns-is-layout-9d6595d7 wp-block-columns-is-layout-flex\">\n<div class=\"wp-block-column is-layout-flow wp-block-column-is-layout-flow\">\n<p><strong>Prohibici\u00f3n total: <\/strong>los nacionales de los siguientes pa\u00edses enfrentan una suspensi\u00f3n completa tanto de visas de inmigrante como de no inmigrante:<\/p>\n\n\n\n<div style=\"height:15px\" aria-hidden=\"true\" class=\"wp-block-spacer\"><\/div>\n\n\n\n<ul class=\"wp-block-list\">\n<li>Afganist\u00e1n<\/li>\n\n\n\n<li>Birmania<\/li>\n\n\n\n<li>Chad<\/li>\n\n\n\n<li>Rep\u00fablica del Congo<\/li>\n\n\n\n<li>Guinea Ecuatorial<\/li>\n\n\n\n<li>Eritrea<\/li>\n\n\n\n<li>Hait\u00ed<\/li>\n\n\n\n<li>Ir\u00e1n<\/li>\n\n\n\n<li>Libia<\/li>\n\n\n\n<li>Somalia<\/li>\n\n\n\n<li>Sud\u00e1n<\/li>\n\n\n\n<li>Yemen<\/li>\n<\/ul>\n<\/div>\n\n\n\n<div class=\"wp-block-column is-layout-flow wp-block-column-is-layout-flow\">\n<p><strong>Prohibici\u00f3n parcial:<\/strong> Se aplican restricciones limitadas a los nacionales de estos pa\u00edses:<\/p>\n\n\n\n<div style=\"height:35px\" aria-hidden=\"true\" class=\"wp-block-spacer\"><\/div>\n\n\n\n<ul class=\"wp-block-list\">\n<li>Burundi<\/li>\n\n\n\n<li>Cuba<\/li>\n\n\n\n<li>Laos<\/li>\n\n\n\n<li>Sierra Leona<\/li>\n\n\n\n<li>Ir<\/li>\n\n\n\n<li>Turkmenist\u00e1n<\/li>\n\n\n\n<li>Venezuela<\/li>\n<\/ul>\n<\/div>\n<\/div>\n\n\n\n<h3 class=\"wp-block-heading\" id=\"why-were-these-countries-chosen\">\u00bfPor qu\u00e9 se eligieron estos pa\u00edses?<\/h3>\n\n\n\n<div style=\"height:20px\" aria-hidden=\"true\" class=\"wp-block-spacer\"><\/div>\n\n\n\n<p>Las principales razones citadas para estas restricciones incluyen:<\/p>\n\n\n\n<div style=\"height:15px\" aria-hidden=\"true\" class=\"wp-block-spacer\"><\/div>\n\n\n\n<ul class=\"wp-block-list\">\n<li>Falta de sistemas confiables de pasaportes e identificaci\u00f3n.<\/li>\n\n\n\n<li>Altas tasas de excedencia de visas.<\/li>\n\n\n\n<li>Preocupaciones relacionadas con el terrorismo o controles de seguridad inadecuados.<\/li>\n<\/ul>\n\n\n\n<div style=\"height:20px\" aria-hidden=\"true\" class=\"wp-block-spacer\"><\/div>\n\n\n\n<h3 class=\"wp-block-heading\" id=\"what-does-this-mean-for-diversity-visa-applicants\">\u00bfQu\u00e9 significa esto para las solicitantes de visas de diversidad?<\/h3>\n\n\n\n<div style=\"height:20px\" aria-hidden=\"true\" class=\"wp-block-spacer\"><\/div>\n\n\n\n<p>Es esencial aclarar algunos puntos importantes para tranquilizar a los participantes del Programa de Visas de Diversidad:<\/p>\n\n\n\n<div style=\"height:20px\" aria-hidden=\"true\" class=\"wp-block-spacer\"><\/div>\n\n\n\n<ol start=\"1\" class=\"wp-block-list\">\n<li><strong>Solicitantes ya seleccionados y aprobados:<\/strong>\n<ul class=\"wp-block-list\">\n<li>Si ya ha sido seleccionado en el Programa DV y ha pasado exitosamente su entrevista de visa en una embajada de Estados Unidos, no debe preocuparse. Generalmente, si tu visa de inmigrante ha sido emitida antes de la fecha de entrada en vigor del veto migratorio (9 de junio de 2025), a\u00fan se te permitir\u00e1 la entrada a los Estados Unidos.<br><br><\/li>\n<\/ul>\n<\/li>\n\n\n\n<li><strong>Solicitantes en espera de entrevista o emisi\u00f3n de visa:<\/strong>\n<ul class=\"wp-block-list\">\n<li>Las personas de los pa\u00edses afectados que actualmente est\u00e1n esperando sus entrevistas en la embajada tambi\u00e9n deben mantenerse optimistas. Hist\u00f3ricamente, tales \u00f3rdenes ejecutivas a menudo enfrentan desaf\u00edos legales en los tribunales de EE.\u202fUU., lo que potencialmente puede llevar a la anulaci\u00f3n parcial o total de las prohibiciones. Es importante mantenerse informado y continuar con los preparativos para tu entrevista.<br><br><\/li>\n<\/ul>\n<\/li>\n\n\n\n<li><strong>Nuevos solicitantes del Programa de Visas de Diversidad:<\/strong>\n<ul class=\"wp-block-list\">\n<li>Incluso si naciste en uno de los pa\u00edses incluidos en la prohibici\u00f3n de viaje, sigues siendo elegible para solicitar el Programa de Visas de Diversidad siempre que tu pa\u00eds est\u00e9 en la lista oficial de pa\u00edses elegibles. Hasta ahora, el presidente Trump no ha cambiado esta lista, y los criterios de elegibilidad para el Programa de Visas de Diversidad en s\u00ed permanecen sin cambios.<\/li>\n<\/ul>\n<\/li>\n<\/ol>\n\n\n\n<div style=\"height:20px\" aria-hidden=\"true\" class=\"wp-block-spacer\"><\/div>\n\n\n\n<div class=\"wp-block-columns is-layout-flex wp-container-core-columns-is-layout-9d6595d7 wp-block-columns-is-layout-flex\">\n<div class=\"wp-block-column is-layout-flow wp-block-column-is-layout-flow\">\n<h3 class=\"wp-block-heading\" id=\"important-reminder-this-ban-may-be-temporary-1\">Recordatorio importante: la prohibici\u00f3n de viajes de Trump es temporal<\/h3>\n\n\n\n<div style=\"height:15px\" aria-hidden=\"true\" class=\"wp-block-spacer\"><\/div>\n\n\n\n<p>Las \u00f3rdenes ejecutivas y las proclamaciones presidenciales, especialmente aquellas relacionadas con la inmigraci\u00f3n, son revisadas y cuestionadas con frecuencia en los tribunales de EE.\u202fUU. Muchos expertos legales esperan que esta proclamaci\u00f3n enfrente un escrutinio judicial, lo que podr\u00eda resultar en modificaciones o incluso en la cancelaci\u00f3n de algunas o todas las restricciones.<\/p>\n\n\n\n<div style=\"height:15px\" aria-hidden=\"true\" class=\"wp-block-spacer\"><\/div>\n\n\n\n<p>Por lo tanto, los solicitantes y seleccionados deben mantener el optimismo y continuar con sus procesos de DV seg\u00fan lo planeado.<\/p>\n\n\n\n<div style=\"height:28px\" aria-hidden=\"true\" class=\"wp-block-spacer\"><\/div>\n\n\n\n<figure class=\"wp-block-image size-full\"><a href=\"https:\/\/www.usgreencardoffice.com\/es\/apply\"><img decoding=\"async\" width=\"245\" height=\"59\" src=\"https:\/\/www.usgreencardoffice.com\/blog\/wp-content\/uploads\/2022\/01\/apply-now.gif\" alt=\"Tarjeta Verde basada en matrimonio\" class=\"wp-image-3087\"\/><\/a><\/figure>\n<\/div>\n\n\n\n<div class=\"wp-block-column is-layout-flow wp-block-column-is-layout-flow\">\n<figure class=\"wp-block-image size-large\"><img decoding=\"async\" width=\"1024\" height=\"771\" src=\"https:\/\/www.usgreencardoffice.com\/blog\/wp-content\/uploads\/2025\/06\/man-with-no-ban-2025-sign-1024x771.png\" alt=\"\" class=\"wp-image-7055\" srcset=\"https:\/\/www.usgreencardoffice.com\/blog\/wp-content\/uploads\/2025\/06\/man-with-no-ban-2025-sign-1024x771.png 1024w, https:\/\/www.usgreencardoffice.com\/blog\/wp-content\/uploads\/2025\/06\/man-with-no-ban-2025-sign-300x226.png 300w, https:\/\/www.usgreencardoffice.com\/blog\/wp-content\/uploads\/2025\/06\/man-with-no-ban-2025-sign-768x578.png 768w, https:\/\/www.usgreencardoffice.com\/blog\/wp-content\/uploads\/2025\/06\/man-with-no-ban-2025-sign.png 1232w\" sizes=\"(max-width: 1024px) 100vw, 1024px\" \/><\/figure>\n<\/div>\n<\/div>\n\n\n\n<div style=\"height:20px\" aria-hidden=\"true\" class=\"wp-block-spacer\"><\/div>\n\n\n\n<h3 class=\"wp-block-heading\" id=\"stay-informed-and-prepared\">Mantente informado y preparado.<\/h3>\n\n\n\n<div style=\"height:20px\" aria-hidden=\"true\" class=\"wp-block-spacer\"><\/div>\n\n\n\n<p>Recomendamos encarecidamente a todas las personas afectadas o preocupadas por esta prohibici\u00f3n que mantengan sus documentos en orden, contin\u00faen con los preparativos para sus entrevistas DV y se mantengan actualizados peri\u00f3dicamente a trav\u00e9s de fuentes confiables. Consultar con un abogado de inmigraci\u00f3n o con las comunicaciones oficiales de la embajada de EE.\u202fUU. es recomendable para obtener orientaci\u00f3n personalizada.<\/p>\n\n\n\n<div style=\"height:20px\" aria-hidden=\"true\" class=\"wp-block-spacer\"><\/div>\n\n\n\n<p>Para obtener una lista completa de los pa\u00edses que califican para el Programa de Visas de Diversidad, consulta nuestra lista detallada en la p\u00e1gina oficial de elegibilidad del Programa DV en nuestro sitio web.<\/p>\n\n\n\n<div style=\"height:20px\" aria-hidden=\"true\" class=\"wp-block-spacer\"><\/div>\n\n\n\n<p>Ten la seguridad de que las oportunidades fundamentales que ofrece el Programa de Visas de Diversidad permanecen intactas, y los posibles solicitantes deben perseguir con confianza sus sue\u00f1os de emigrar a los Estados Unidos.<\/p>\n\n\n\n<div style=\"height:20px\" aria-hidden=\"true\" class=\"wp-block-spacer\"><\/div>\n\n\n\n<h3 class=\"wp-block-heading\" id=\"why-the-diversity-visa-program-is-so-valuable\">Por qu\u00e9 el Programa de Visas de Diversidad es tu mejor opci\u00f3n para obtener una Tarjeta Verde<\/h3>\n\n\n\n<div style=\"height:20px\" aria-hidden=\"true\" class=\"wp-block-spacer\"><\/div>\n\n\n\n<p>El Programa de Visas de Diversidad es una v\u00eda significativa y popular para la inmigraci\u00f3n a los Estados Unidos, que ofrece oportunidades a millones de personas en todo el mundo. Su objetivo principal es aumentar la diversidad en los Estados Unidos al permitir que personas de pa\u00edses con tasas hist\u00f3ricamente m\u00e1s bajas de inmigraci\u00f3n obtengan la residencia permanente (Tarjeta Verde).<\/p>\n\n\n\n<div style=\"height:20px\" aria-hidden=\"true\" class=\"wp-block-spacer\"><\/div>\n\n\n\n<p>Cada a\u00f1o, millones de personas solicitan esta oportunidad \u00fanica, reconoci\u00e9ndola como una de las formas m\u00e1s f\u00e1ciles y accesibles de obtener la residencia permanente en los Estados Unidos. La simplicidad y equidad del programa son atracciones clave:<\/p>\n\n\n\n<div style=\"height:20px\" aria-hidden=\"true\" class=\"wp-block-spacer\"><\/div>\n\n\n\n<ul class=\"wp-block-list\">\n<li><strong>Pa\u00edses que califican:<\/strong> los pa\u00edses elegibles son aquellos de los cuales menos de 50,000 inmigrantes se han trasladado a los EE.\u202fUU. en los \u00faltimos cinco a\u00f1os.<br><br><\/li>\n\n\n\n<li><strong>Requisitos b\u00e1sicos de elegibilidad:<\/strong> adem\u00e1s de ser de un pa\u00eds que califica, el \u00fanico otro requisito es tener como m\u00ednimo una educaci\u00f3n secundaria completa o al menos dos a\u00f1os de experiencia laboral en un empleo que requiera un m\u00ednimo de dos a\u00f1os de formaci\u00f3n.<\/li>\n<\/ul>\n\n\n\n<div style=\"height:20px\" aria-hidden=\"true\" class=\"wp-block-spacer\"><\/div>\n\n\n\n<p>Estos requisitos sencillos hacen que el Programa de Visas de Diversidad sea excepcionalmente accesible para personas de diversos or\u00edgenes y pa\u00edses.<\/p>\n\n\n\n<div style=\"height:37px\" aria-hidden=\"true\" class=\"wp-block-spacer\"><\/div>\n\n\n\n<script type=\"application\/ld+json\">{\n  \"@context\": \"https:\/\/schema.org\",\n  \"@type\": \"FAQPage\",\n  \"mainEntity\": [\n    {\n      \"@type\": \"Question\",\n      \"name\": \"Am I still eligible to apply for the DV Program if I\u2019m from a banned country?\",\n      \"acceptedAnswer\": {\n        \"@type\": \"Answer\",\n        \"text\": \"Yes, as long as your country is on the list of qualifying countries, you can still apply.\"\n      }\n    },\n    {\n      \"@type\": \"Question\",\n      \"name\": \"What if I\u2019ve already won the DV Lottery and passed my interview?\",\n      \"acceptedAnswer\": {\n        \"@type\": \"Answer\",\n        \"text\": \"You should not be affected and can proceed with your move to the United States.\"\n      }\n    },\n    {\n      \"@type\": \"Question\",\n      \"name\": \"Does the Trump Travel Ban change the list of qualifying DV countries?\",\n      \"acceptedAnswer\": {\n        \"@type\": \"Answer\",\n        \"text\": \"No, the list of qualifying countries for the DV Program has not changed.\"\n      }\n    },\n    {\n      \"@type\": \"Question\",\n      \"name\": \"Can I still attend my DV interview if I\u2019m from one of the banned countries?\",\n      \"acceptedAnswer\": {\n        \"@type\": \"Answer\",\n        \"text\": \"Yes, you should attend your scheduled interview as normal unless told otherwise.\"\n      }\n    },\n    {\n      \"@type\": \"Question\",\n      \"name\": \"Will the Trump Travel Ban be permanent?\",\n      \"acceptedAnswer\": {\n        \"@type\": \"Answer\",\n        \"text\": \"Most likely not. The ban may be challenged in court and could be overturned or modified. Trump could also remove the ban when needed.\"\n      }\n    },\n    {\n      \"@type\": \"Question\",\n      \"name\": \"What are the basic requirements to apply for the DV Program?\",\n      \"acceptedAnswer\": {\n        \"@type\": \"Answer\",\n        \"text\": \"You must be born in a qualifying country and have a high school diploma or two years of qualifying work experience.\"\n      }\n    },\n    {\n      \"@type\": \"Question\",\n      \"name\": \"Where can I get more help or information about the DV Program?\",\n      \"acceptedAnswer\": {\n        \"@type\": \"Answer\",\n        \"text\": \"Visit our FAQ page or contact our support team for guidance: https:\/\/www.usgreencardoffice.com\/frequently-asked-green-card-lottery-questions\"\n      }\n    }\n  ]\n}\n<\/script>\n\n\n\n<h2 style=\"text-align:center; font-family:'Helvetica Neue', Helvetica, Arial, sans-serif; font-size:32px; font-weight:500; line-height:38px; color:#212529; margin-bottom: 30px;\">\n Preguntas frecuentes sobre el veto migratorio de Trump y el Programa de Visas de Diversidad\n<\/h2>\n\n<div style=\"width:90%; max-width:800px; margin:auto; background-color:#ffffff; border-radius:8px; box-shadow:0 4px 10px rgba(0,0,0,0.1); padding:20px;\">\n\n  <details style=\"margin-bottom:15px; border-radius:6px; overflow:hidden;\">\n    <summary style=\"cursor:pointer; background-color:#0056a0; color:#ffffff; padding:15px 20px; font-size:16px; font-weight:500;\">\n \u00bfA\u00fan soy elegible para solicitar el Programa DV si soy de un pa\u00eds prohibido?\n    <\/summary>\n    <div style=\"background-color:#e9f0fa; padding:15px 20px; font-size:15px; line-height:22px; color:#212529; border-left:4px solid #0056a0;\">\n S\u00ed, siempre que su pa\u00eds est\u00e9 en la lista de pa\u00edses calificados, a\u00fan puede presentar la solicitud.\n    <\/div>\n  <\/details>\n\n  <details style=\"margin-bottom:15px; border-radius:6px; overflow:hidden;\">\n    <summary style=\"cursor:pointer; background-color:#0056a0; color:#ffffff; padding:15px 20px; font-size:16px; font-weight:500;\">\n \u00bfQu\u00e9 pasa si ya gan\u00e9 la Loter\u00eda DV y pas\u00e9 mi entrevista?\n    <\/summary>\n    <div style=\"background-color:#e9f0fa; padding:15px 20px; font-size:15px; line-height:22px; color:#212529; border-left:4px solid #0056a0;\">\n No deber\u00eda verse afectado y puede continuar con su mudanza a los Estados Unidos.\n    <\/div>\n  <\/details>\n\n  <details style=\"margin-bottom:15px; border-radius:6px; overflow:hidden;\">\n    <summary style=\"cursor:pointer; background-color:#0056a0; color:#ffffff; padding:15px 20px; font-size:16px; font-weight:500;\">\n \u00bfLa prohibici\u00f3n de viajes de Trump cambia la lista de pa\u00edses calificados para DV?\n    <\/summary>\n    <div style=\"background-color:#e9f0fa; padding:15px 20px; font-size:15px; line-height:22px; color:#212529; border-left:4px solid #0056a0;\">\n No, la lista de pa\u00edses calificados para el Programa DV no ha cambiado.\n    <\/div>\n  <\/details>\n\n  <details style=\"margin-bottom:15px; border-radius:6px; overflow:hidden;\">\n    <summary style=\"cursor:pointer; background-color:#0056a0; color:#ffffff; padding:15px 20px; font-size:16px; font-weight:500;\">\n \u00bfPuedo asistir a mi entrevista DV si soy de uno de los pa\u00edses prohibidos?\n    <\/summary>\n    <div style=\"background-color:#e9f0fa; padding:15px 20px; font-size:15px; line-height:22px; color:#212529; border-left:4px solid #0056a0;\">\n S\u00ed, usted debe asistir a su entrevista programada normalmente a menos que se le indique lo contrario.\n    <\/div>\n  <\/details>\n\n  <details style=\"margin-bottom:15px; border-radius:6px; overflow:hidden;\">\n    <summary style=\"cursor:pointer; background-color:#0056a0; color:#ffffff; padding:15px 20px; font-size:16px; font-weight:500;\">\n \u00bfSer\u00e1 permanente la prohibici\u00f3n de viajes de Trump?\n    <\/summary>\n    <div style=\"background-color:#e9f0fa; padding:15px 20px; font-size:15px; line-height:22px; color:#212529; border-left:4px solid #0056a0;\">\n Lo m\u00e1s probable es que no. La prohibici\u00f3n puede ser impugnada en los tribunales y podr\u00eda ser anulada o modificada. Trump tambi\u00e9n podr\u00eda levantar la prohibici\u00f3n cuando sea necesario.\n    <\/div>\n  <\/details>\n\n  <details style=\"margin-bottom:15px; border-radius:6px; overflow:hidden;\">\n    <summary style=\"cursor:pointer; background-color:#0056a0; color:#ffffff; padding:15px 20px; font-size:16px; font-weight:500;\">\n \u00bfCu\u00e1les son los requisitos b\u00e1sicos para aplicar al Programa DV?\n    <\/summary>\n    <div style=\"background-color:#e9f0fa; padding:15px 20px; font-size:15px; line-height:22px; color:#212529; border-left:4px solid #0056a0;\">\n Debes haber nacido en un pa\u00eds calificado y tener un diploma de escuela secundaria o dos a\u00f1os de experiencia laboral calificada.\n    <\/div>\n  <\/details>\n\n  <details style=\"margin-bottom:15px; border-radius:6px; overflow:hidden;\">\n    <summary style=\"cursor:pointer; background-color:#0056a0; color:#ffffff; padding:15px 20px; font-size:16px; font-weight:500;\">\n \u00bfD\u00f3nde puedo obtener m\u00e1s ayuda o informaci\u00f3n sobre el Programa de Visas de Diversidad?\n    <\/summary>\n    <div style=\"background-color:#e9f0fa; padding:15px 20px; font-size:15px; line-height:22px; color:#212529; border-left:4px solid #0056a0;\">\n Visite nuestra p\u00e1gina de preguntas frecuentes o comun\u00edquese con nuestro equipo de soporte para obtener orientaci\u00f3n:<a href=\"https:\/\/www.usgreencardoffice.com\/frequently-asked-green-card-lottery-questions\" style=\"color:#0056a0;\"> https:\/\/www.usgreencardoffice.com\/frequently-asked-green-card-lottery-questions<\/a>\n    <\/div>\n  <\/details>\n\n<\/div>\n\n\n\n<div style=\"height:25px\" aria-hidden=\"true\" class=\"wp-block-spacer\"><\/div>\n\n\n\n<div style=\"height:16px\" aria-hidden=\"true\" class=\"wp-block-spacer\"><\/div>\n\n\n\n<hr class=\"wp-block-separator has-alpha-channel-opacity\"\/>\n\n\n\n<p><strong>Lo alentamos a mantenerse optimista, informado y proactivo en su b\u00fasqueda del Sue\u00f1o Americano a trav\u00e9s del Programa de Visas de Diversidad.<\/strong><\/p>\n\n\n\n<div style=\"height:42px\" aria-hidden=\"true\" class=\"wp-block-spacer\"><\/div>\n\n\n<div class=\"wp-block-image\">\n<figure class=\"aligncenter size-full\"><a href=\"https:\/\/www.usgreencardoffice.com\/es\/apply\"><img decoding=\"async\" width=\"728\" height=\"90\" src=\"https:\/\/www.usgreencardoffice.com\/blog\/wp-content\/uploads\/2022\/06\/acf3c043.gif\" alt=\"Tarjeta Verde basada en matrimonio\" class=\"wp-image-4094\"\/><\/a><\/figure>\n<\/div>\n\n\n<div style=\"height:56px\" aria-hidden=\"true\" class=\"wp-block-spacer\"><\/div>\n\n\n\n<p><\/p>\n","protected":false},"excerpt":{"rendered":"<p>Comprendiendo el nuevo veto migratorio de Trump y su impacto en el Programa de Visas de Diversidad \u00bfQui\u00e9n est\u00e1 afectado? El presidente Donald Trump ha anunciado recientemente un veto migratorio significativo que afecta a ciudadanos de varios pa\u00edses. Es comprensible que este anuncio haya causado preocupaci\u00f3n entre muchos solicitantes potenciales y actuales del Programa de [&hellip;]<\/p>\n","protected":false},"author":1,"featured_media":7036,"comment_status":"closed","ping_status":"closed","sticky":false,"template":"","format":"standard","meta":{"footnotes":""},"categories":[85],"tags":[],"class_list":["post-7310","post","type-post","status-publish","format-standard","has-post-thumbnail","hentry","category-about-the-usa-es"],"_links":{"self":[{"href":"https:\/\/www.usgreencardoffice.com\/blog\/es\/wp-json\/wp\/v2\/posts\/7310","targetHints":{"allow":["GET"]}}],"collection":[{"href":"https:\/\/www.usgreencardoffice.com\/blog\/es\/wp-json\/wp\/v2\/posts"}],"about":[{"href":"https:\/\/www.usgreencardoffice.com\/blog\/es\/wp-json\/wp\/v2\/types\/post"}],"author":[{"embeddable":true,"href":"https:\/\/www.usgreencardoffice.com\/blog\/es\/wp-json\/wp\/v2\/users\/1"}],"replies":[{"embeddable":true,"href":"https:\/\/www.usgreencardoffice.com\/blog\/es\/wp-json\/wp\/v2\/comments?post=7310"}],"version-history":[{"count":3,"href":"https:\/\/www.usgreencardoffice.com\/blog\/es\/wp-json\/wp\/v2\/posts\/7310\/revisions"}],"predecessor-version":[{"id":9241,"href":"https:\/\/www.usgreencardoffice.com\/blog\/es\/wp-json\/wp\/v2\/posts\/7310\/revisions\/9241"}],"wp:featuredmedia":[{"embeddable":true,"href":"https:\/\/www.usgreencardoffice.com\/blog\/es\/wp-json\/wp\/v2\/media\/7036"}],"wp:attachment":[{"href":"https:\/\/www.usgreencardoffice.com\/blog\/es\/wp-json\/wp\/v2\/media?parent=7310"}],"wp:term":[{"taxonomy":"category","embeddable":true,"href":"https:\/\/www.usgreencardoffice.com\/blog\/es\/wp-json\/wp\/v2\/categories?post=7310"},{"taxonomy":"post_tag","embeddable":true,"href":"https:\/\/www.usgreencardoffice.com\/blog\/es\/wp-json\/wp\/v2\/tags?post=7310"}],"curies":[{"name":"wp","href":"https:\/\/api.w.org\/{rel}","templated":true}]}}